{"id":16426,"date":"2025-08-05T00:22:11","date_gmt":"2025-08-05T00:22:11","guid":{"rendered":"https:\/\/www.europesays.com\/pt\/16426\/"},"modified":"2025-08-05T00:22:11","modified_gmt":"2025-08-05T00:22:11","slug":"aviao-obrigado-a-aterragem-de-emergencia-em-madrid-apos-chocar-com-ave-de-grande-porte-com-videos","status":"publish","type":"post","link":"https:\/\/www.europesays.com\/pt\/16426\/","title":{"rendered":"Avi\u00e3o obrigado a aterragem de emerg\u00eancia em Madrid ap\u00f3s chocar com ave de grande porte (com v\u00eddeos)"},"content":{"rendered":"<p>Um avi\u00e3o da companhia espanhola Iberia foi no domingo, 3 de agosto, obrigado a fazer uma aterragem de emerg\u00eancia em Madrid depois de chocar com uma ave que danificou a parte da frente da fuselagem do Airbus 320, bem como um dos motores.<\/p>\n<p>De acordo com o jornal El Pa\u00eds, o avi\u00e3o iniciava a viagem em dire\u00e7\u00e3o a Paris quando se deu o incidente, que o obrigou a voltar para tr\u00e1s.<\/p>\n<p>As imagens difundidas pelas redes sociais mostram que a aeronave ficou bastante danificada, mas n\u00e3o se registaram feridos.<\/p>\n<p>Em resposta ao El Pa\u00eds, a companhia a\u00e9rea explicou que &#8220;poucos minutos ap\u00f3s decolar do Aeroporto Adolfo Su\u00e1rez, Madrid-Barajas, o voo IB579 com destino a Paris foi atingido por um p\u00e1ssaro de grande porte na parte frontal da aeronave e num dos motores&#8221;. Nesse sentido, &#8220;o comandante solicitou autoriza\u00e7\u00e3o para regressar ao aeroporto de origem, onde a aterrou em seguran\u00e7a&#8221;.<\/p>\n<p>&#8220;Toda a tripula\u00e7\u00e3o de voo, incluindo pilotos e tripula\u00e7\u00e3o de cabine, agiu com o m\u00e1ximo profissionalismo para resolver a situa\u00e7\u00e3o e ajudar os passageiros&#8221;, acrescentou a Iberia.<\/p>\n","protected":false},"excerpt":{"rendered":"Um avi\u00e3o da companhia espanhola Iberia foi no domingo, 3 de agosto, obrigado a fazer uma aterragem de&hellip;\n","protected":false},"author":2,"featured_media":16427,"comment_status":"","ping_status":"","sticky":false,"template":"","format":"standard","meta":{"footnotes":""},"categories":[50],"tags":[6313,324,27,28,15,16,14,6314,25,26,6312,21,22,62,12,13,19,20,23,24,17,18,29,30,31,63,64,65],"class_list":{"0":"post-16426","1":"post","2":"type-post","3":"status-publish","4":"format-standard","5":"has-post-thumbnail","7":"category-mundo","8":"tag-aterragem-de-emergencia","9":"tag-aviao","10":"tag-breaking-news","11":"tag-breakingnews","12":"tag-featured-news","13":"tag-featurednews","14":"tag-headlines","15":"tag-iberia","16":"tag-latest-news","17":"tag-latestnews","18":"tag-madrid","19":"tag-main-news","20":"tag-mainnews","21":"tag-mundo","22":"tag-news","23":"tag-noticias","24":"tag-noticias-principais","25":"tag-noticiasprincipais","26":"tag-principais-noticias","27":"tag-principaisnoticias","28":"tag-top-stories","29":"tag-topstories","30":"tag-ultimas","31":"tag-ultimas-noticias","32":"tag-ultimasnoticias","33":"tag-world","34":"tag-world-news","35":"tag-worldnews"},"share_on_mastodon":{"url":"","error":""},"_links":{"self":[{"href":"https:\/\/www.europesays.com\/pt\/wp-json\/wp\/v2\/posts\/16426","targetHints":{"allow":["GET"]}}],"collection":[{"href":"https:\/\/www.europesays.com\/pt\/wp-json\/wp\/v2\/posts"}],"about":[{"href":"https:\/\/www.europesays.com\/pt\/wp-json\/wp\/v2\/types\/post"}],"author":[{"embeddable":true,"href":"https:\/\/www.europesays.com\/pt\/wp-json\/wp\/v2\/users\/2"}],"replies":[{"embeddable":true,"href":"https:\/\/www.europesays.com\/pt\/wp-json\/wp\/v2\/comments?post=16426"}],"version-history":[{"count":0,"href":"https:\/\/www.europesays.com\/pt\/wp-json\/wp\/v2\/posts\/16426\/revisions"}],"wp:featuredmedia":[{"embeddable":true,"href":"https:\/\/www.europesays.com\/pt\/wp-json\/wp\/v2\/media\/16427"}],"wp:attachment":[{"href":"https:\/\/www.europesays.com\/pt\/wp-json\/wp\/v2\/media?parent=16426"}],"wp:term":[{"taxonomy":"category","embeddable":true,"href":"https:\/\/www.europesays.com\/pt\/wp-json\/wp\/v2\/categories?post=16426"},{"taxonomy":"post_tag","embeddable":true,"href":"https:\/\/www.europesays.com\/pt\/wp-json\/wp\/v2\/tags?post=16426"}],"curies":[{"name":"wp","href":"https:\/\/api.w.org\/{rel}","templated":true}]}}