{"id":164269,"date":"2025-11-25T02:26:10","date_gmt":"2025-11-25T02:26:10","guid":{"rendered":"https:\/\/www.europesays.com\/pt\/164269\/"},"modified":"2025-11-25T02:26:10","modified_gmt":"2025-11-25T02:26:10","slug":"bandas-de-heavy-metal-da-nova-geracao-nao-empolgam-kerry-king","status":"publish","type":"post","link":"https:\/\/www.europesays.com\/pt\/164269\/","title":{"rendered":"Bandas de heavy metal da nova gera\u00e7\u00e3o n\u00e3o empolgam Kerry King"},"content":{"rendered":"<p>Kerry King \u00e9 um dos nomes mais emblem\u00e1ticos do thrash metal. Guitarrista e fundador do <a href=\"https:\/\/whiplash.net\/bandas\/s\/slayer.html\" class=\"hotwords\" rel=\"nofollow noopener\" target=\"_blank\">Slayer<\/a>, o m\u00fasico californiano ajudou a moldar o g\u00eanero e gravou alguns de seus maiores cl\u00e1ssicos, com destaque para o cultuado &#8220;Reign in Blood&#8221; (1986). Sua trajet\u00f3ria exerceu impacto direto sobre diversas gera\u00e7\u00f5es posteriores, inclusive representantes do metal moderno. Ainda assim, nada do que surgiu nos \u00faltimos anos parece despertar seu entusiasmo.<\/p>\n<p>Durante entrevista ao site Ultimate Guitar (via <a href=\"https:\/\/www.loudersound.com\/bands-artists\/according-to-glenn-hughes-and-slayers-kerry-king-the-rock-and-metal-talent-pool-is-drying-up\" rel=\"nofollow noopener\" target=\"_blank\">Metal Hammer<\/a>), King foi convidado a mencionar artistas da atualidade que chamam sua aten\u00e7\u00e3o. A resposta deixou claro que o panorama contempor\u00e2neo n\u00e3o o anima nem um pouco.<\/p>\n<p><a href=\"https:\/\/whiplash.net\/bandas\/s\/slayer.html\" class=\"linkBotao\" rel=\"nofollow noopener\" target=\"_blank\">Slayer &#8211; Mais Novidades<\/a><\/p>\n<p>CONTINUA DEPOIS DA PUBLICIDADE &#8211; CLI<\/p>\n<p>&#13;<br \/>\n&#13;<br \/>\n&#13;<br \/>\n&#13;<br \/>\n&#13;<br \/>\n&#13;<br \/>\n&#13;<br \/>\n&#13;<br \/>\n<a href=\"https:\/\/whiplash.net\/materias\/whiplash\/027002.html\" rel=\"nofollow noopener\" target=\"_blank\"><img decoding=\"async\" src=\"https:\/\/www.europesays.com\/pt\/wp-content\/uploads\/2025\/10\/1760413028_813_anunciar_diabo_336x280.gif\" loading=\"lazy\" width=\"336\" height=\"280\" class=\"widthConstrained\" style=\"background-color:#000000;display:block;\" alt=\"Anunciar bandas e shows de Rock e Heavy Metal\"\/><\/a>&#13;<\/p>\n<p><a target=\"_blank\" href=\"https:\/\/www.europesays.com\/pt\/wp-content\/uploads\/2025\/08\/depositphotos_31151211_slayer_kerry_king_por_gregorylee.jpg\"><img loading=\"lazy\" decoding=\"async\" src=\"https:\/\/www.europesays.com\/pt\/wp-content\/uploads\/2025\/08\/depositphotos_31151211_slayer_kerry_king_por_gregorylee.jpg\" class=\"widthConstrained\" width=\"700\" height=\"466\" alt=\"Foto: gregorylee @ www.depositphotos.com\"\/><\/a>Foto: gregorylee @ www.depositphotos.com<\/p>\n<p>O guitarrista comentou que acreditava em um poss\u00edvel impulso criativo motivado pela pandemia de Covid-19, per\u00edodo em que muitas pessoas buscaram novos hobbies. Na vis\u00e3o do veterano, esse movimento poderia ter gerado um &#8220;boom&#8221; de novas bandas, algo que &#8211; segundo ele &#8211; n\u00e3o se confirmou.<\/p>\n<p>&#8220;Bandas novas n\u00e3o s\u00e3o algo com o qual eu esteja realmente familiarizado. Eu realmente pensei que a pandemia fosse impulsionar as coisas, porque as pessoas n\u00e3o tinham nada para fazer. Sabe, podiam muito bem aprender a tocar um instrumento.<\/p>\n<p>CONTINUA DEPOIS DA PUBLICIDADE &#8211; GOO<\/p>\n<p>&#13;<br \/>\n&#13;<br \/>\n&#13;<br \/>\n&#13;<br \/>\n<a href=\"https:\/\/whiplash.net\/materias\/whiplash\/027002.html\" rel=\"nofollow noopener\" target=\"_blank\"><img decoding=\"async\" src=\"https:\/\/www.europesays.com\/pt\/wp-content\/uploads\/2025\/10\/1760413028_813_anunciar_diabo_336x280.gif\" loading=\"lazy\" width=\"336\" height=\"280\" alt=\"Anunciar no Whiplash.Net\"\/><\/a>&#13;<br \/>\n&#13;<br \/>\n&#13;<br \/>\n&#13;<br \/>\n&#13;<br \/>\n&#13;<br \/>\n<a href=\"https:\/\/whiplash.net\/materias\/whiplash\/027002.html\" rel=\"nofollow noopener\" target=\"_blank\"><img decoding=\"async\" src=\"https:\/\/www.europesays.com\/pt\/wp-content\/uploads\/2025\/10\/1760413028_813_anunciar_diabo_336x280.gif\" loading=\"lazy\" width=\"336\" height=\"280\" class=\"widthConstrained\" style=\"background-color:#000000;display:block;\" alt=\"Anunciar bandas e shows de Rock e Heavy Metal\"\/><\/a>&#13;<\/p>\n<p>Mas, ap\u00f3s a pandemia, ainda n\u00e3o vi uma onda de novas bandas, na minha opini\u00e3o. Tamb\u00e9m estou bem por fora disso &#8211; tipo, a \u00faltima grande leva de bandas de thrash, para mim, foi quando os escandinavos ficaram em alta. Como o <a href=\"https:\/\/whiplash.net\/bandas\/i\/inflames.html\" class=\"hotwords\" rel=\"nofollow noopener\" target=\"_blank\">In Flames<\/a>. Isso foi h\u00e1 25 anos.<\/p>\n<p>Acho que o Lamb of God est\u00e1 na ativa h\u00e1 quase esse tempo todo tamb\u00e9m. Mas&#8230; eu n\u00e3o tenho nada [para indicar]. Eu gostaria de ter.&#8221;<\/p>\n<p>O <a href=\"https:\/\/whiplash.net\/bandas\/s\/slayer.html\" class=\"hotwords\" rel=\"nofollow noopener\" target=\"_blank\">Slayer<\/a> estava inativo desde 2019, mas voltou a aparecer em apresenta\u00e7\u00f5es pontuais a partir do segundo semestre de 2024. Paralelamente, <a href=\"https:\/\/whiplash.net\/bandas\/k\/kerryking.html\" class=\"hotwords\" rel=\"nofollow noopener\" target=\"_blank\">Kerry King<\/a> segue promovendo o grupo que leva seu nome, ao lado de Mark Osegueda (vocal), Phil Demmel (<a href=\"https:\/\/whiplash.net\/temas\/i\/instrumentos.html\" class=\"hotwords\" rel=\"nofollow noopener\" target=\"_blank\">guitarra<\/a>), Kyle Sanders (baixo) e Paul Bostaph (bateria).<\/p>\n<p>CONTINUA DEPOIS DA PUBLICIDADE &#8211; CLI<\/p>\n<p>&#13;<br \/>\n&#13;<br \/>\n&#13;<br \/>\n&#13;<br \/>\n&#13;<br \/>\n&#13;<br \/>\n&#13;<br \/>\n&#13;<br \/>\n<a href=\"https:\/\/whiplash.net\/materias\/whiplash\/027002.html\" rel=\"nofollow noopener\" target=\"_blank\"><img decoding=\"async\" src=\"https:\/\/www.europesays.com\/pt\/wp-content\/uploads\/2025\/10\/1760413028_813_anunciar_diabo_336x280.gif\" loading=\"lazy\" width=\"336\" height=\"280\" class=\"widthConstrained\" style=\"background-color:#000000;display:block;\" alt=\"Anunciar bandas e shows de Rock e Heavy Metal\"\/><\/a>&#13;<\/p>\n","protected":false},"excerpt":{"rendered":"Kerry King \u00e9 um dos nomes mais emblem\u00e1ticos do thrash metal. Guitarrista e fundador do Slayer, o m\u00fasico&hellip;\n","protected":false},"author":2,"featured_media":46568,"comment_status":"","ping_status":"","sticky":false,"template":"","format":"standard","meta":{"footnotes":""},"categories":[141],"tags":[114,115,149,150,32,33],"class_list":{"0":"post-164269","1":"post","2":"type-post","3":"status-publish","4":"format-standard","5":"has-post-thumbnail","7":"category-musica","8":"tag-entertainment","9":"tag-entretenimento","10":"tag-music","11":"tag-musica","12":"tag-portugal","13":"tag-pt"},"share_on_mastodon":{"url":"https:\/\/pubeurope.com\/@pt\/115607974074384710","error":""},"_links":{"self":[{"href":"https:\/\/www.europesays.com\/pt\/wp-json\/wp\/v2\/posts\/164269","targetHints":{"allow":["GET"]}}],"collection":[{"href":"https:\/\/www.europesays.com\/pt\/wp-json\/wp\/v2\/posts"}],"about":[{"href":"https:\/\/www.europesays.com\/pt\/wp-json\/wp\/v2\/types\/post"}],"author":[{"embeddable":true,"href":"https:\/\/www.europesays.com\/pt\/wp-json\/wp\/v2\/users\/2"}],"replies":[{"embeddable":true,"href":"https:\/\/www.europesays.com\/pt\/wp-json\/wp\/v2\/comments?post=164269"}],"version-history":[{"count":0,"href":"https:\/\/www.europesays.com\/pt\/wp-json\/wp\/v2\/posts\/164269\/revisions"}],"wp:featuredmedia":[{"embeddable":true,"href":"https:\/\/www.europesays.com\/pt\/wp-json\/wp\/v2\/media\/46568"}],"wp:attachment":[{"href":"https:\/\/www.europesays.com\/pt\/wp-json\/wp\/v2\/media?parent=164269"}],"wp:term":[{"taxonomy":"category","embeddable":true,"href":"https:\/\/www.europesays.com\/pt\/wp-json\/wp\/v2\/categories?post=164269"},{"taxonomy":"post_tag","embeddable":true,"href":"https:\/\/www.europesays.com\/pt\/wp-json\/wp\/v2\/tags?post=164269"}],"curies":[{"name":"wp","href":"https:\/\/api.w.org\/{rel}","templated":true}]}}