{"id":164272,"date":"2025-11-25T02:28:12","date_gmt":"2025-11-25T02:28:12","guid":{"rendered":"https:\/\/www.europesays.com\/pt\/164272\/"},"modified":"2025-11-25T02:28:12","modified_gmt":"2025-11-25T02:28:12","slug":"rezo-para-que-exista-cura-da-demencia-enquanto-for-vivo-observador","status":"publish","type":"post","link":"https:\/\/www.europesays.com\/pt\/164272\/","title":{"rendered":"&#8220;Rezo para que exista cura da dem\u00eancia enquanto for vivo&#8221; \u2013 Observador"},"content":{"rendered":"<p>Aos 86 anos, sir Jackie Stewart \u00e9 <strong>o \u00fanico campe\u00e3o do mundo de F\u00f3rmula 1 dos anos 60 que ainda est\u00e1 vivo.<\/strong> Venceu o Mundual tr\u00eas vezes \u2014 1969, 1971 e 1973 \u2013, ficou outras duas no segundo lugar e conquistou a alcunha \u201cThe Flying Scot\u201d, o Escoc\u00eas Voador. Foi mec\u00e2nico antes de ser piloto, competiu por quatro equipas diferentes e nunca deixou a modalidade mesmo depois de terminar a carreira, mantendo-se ligado \u00e0 Ford durante d\u00e9cadas, fundando a pr\u00f3pria equipa e continuando a ser parceiro quase vital\u00edcio de marcas como a Rolex, a Heineken ou a Mo\u00ebt &amp; Chandon.<\/p>\n<p>Conhecido na cultura pop por ter sido o primeiro piloto a atirar champanhe depois de uma vit\u00f3ria \u2014 inicialmente at\u00e9 foi um acidente \u2013, Jackie Stewart foi tamb\u00e9m um dos grandes respons\u00e1veis pela melhoria das condi\u00e7\u00f5es de seguran\u00e7a dos pilotos de F\u00f3rmula 1. Acabou a carreira na v\u00e9spera de cumprir o cent\u00e9simo Grande Pr\u00e9mio porque Fran\u00e7ois Cevert, o seu protegido,<strong> morreu em pista nesse mesmo fim de semana.<\/strong> A partir da\u00ed, e garantindo sempre que foi a mais funerais do que qualquer outra pessoa, dedicou-se \u00e0 redu\u00e7\u00e3o dos riscos da modalidade. Agora, d\u00e9cadas depois, tem outro des\u00edgnio.<\/p>\n<p>Em 2014, a mulher de Jackie Stewart foi diagnosticada com dem\u00eancia frontotemporal. Bra\u00e7o direito do piloto brit\u00e2nico durante seis d\u00e9cadas, <strong>Helen McGregor era presen\u00e7a ass\u00eddua no paddock<\/strong> e os relatos da altura garantem que tinha voz e opini\u00e3o respeitada entre os engenheiros e os respons\u00e1veis das equipas, sendo mesmo considerada uma das mentes mais brilhantes da F\u00f3rmula 1 dos anos 60. Atualmente, como conta o marido, n\u00e3o se recorda de nada.<\/p>\n<blockquote class=\"wp-embedded-content\" data-secret=\"CiucNRVXoG\">\n<p><a href=\"https:\/\/observador.pt\/especiais\/fui-a-mais-funerais-do-que-qualquer-outro-as-memorias-de-jackie-stewart-entre-a-dor-de-perder-amigos-e-a-amizade-com-grace-kelly\/\" rel=\"nofollow noopener\" target=\"_blank\">\u201cFui a mais funerais do que qualquer outro\u201d. As mem\u00f3rias de Jackie Stewart, entre a dor de perder amigos e a amizade com Grace Kelly<\/a><\/p>\n<\/blockquote>\n<p>\u201c\u00c9 uma jornada emocional muito grande. Ver algu\u00e9m que amamos, que adoramos, algu\u00e9m que cortej\u00e1mos durante quatro anos, que \u00e9 minha mulher h\u00e1 mais de 60 anos, ser-me roubada grau a grau\u201d, contou o antigo piloto em <a href=\"https:\/\/www.telegraph.co.uk\/formula-1\/2025\/11\/22\/sir-jackie-stewart-interview-dementia-wife-helen\/\" rel=\"nofollow noopener\" target=\"_blank\">entrevista<\/a> ao jornal The Telegraph. Dois anos depois do diagn\u00f3stico de Helen, <strong>Jackie Stewart decidiu fundar a Race Against Dementia,<\/strong> uma funda\u00e7\u00e3o que j\u00e1 angariou mais de 20 milh\u00f5es de libras para a investiga\u00e7\u00e3o da doen\u00e7a e apoiou 65 projetos, conectando cientistas e investigadores com especialistas em engenharia ligados \u00e0 F\u00f3rmula 1 com o objetivo de acelerar a inova\u00e7\u00e3o.<\/p>\n<p>Para o brit\u00e2nico, que entretanto entregou a lideran\u00e7a da funda\u00e7\u00e3o a um dos filhos mas continua muito ligado ao projeto, o objetivo \u00e9 a cura. <strong>\u201c\u00c0s vezes nem consigo acreditar que ainda n\u00e3o existe.<\/strong> Se nada for feito, uma em cada tr\u00eas pessoas que hoje est\u00e3o vivas vai morrer com dem\u00eancia. \u00c9 a principal causa de morte no Reino Unido e \u00e9 a doen\u00e7a mais cruel de todas. Estou mesmo a falar a s\u00e9rio quando digo que este \u00e9 o maior desafio da minha vida. A F\u00f3rmula 1 \u00e9 muito global, mas n\u00e3o \u00e9 t\u00e3o global como a medicina\u201d, acrescentou.<\/p>\n<p>Na entrevista, Jackie Stewart lembrou um dos primeiros momentos em que percebeu que a mulher j\u00e1 n\u00e3o se recordava dele, sublinhou que os per\u00edodos de lucidez s\u00e3o cada vez mais curtos e raros e explicou que Helen j\u00e1 n\u00e3o consegue andar, estando totalmente dependente. <strong>O brit\u00e2nico tem no\u00e7\u00e3o de que beneficia de um privil\u00e9gio pouco comum,<\/strong> j\u00e1 que praticamente tornou o apartamento onde vivem na Su\u00ed\u00e7a num centro de cuidados para a mulher, e reconhece que sem a fortuna que amealhou ao longo da carreira n\u00e3o seria poss\u00edvel mant\u00ea-la ainda em casa.<\/p>\n<blockquote class=\"wp-embedded-content\" data-secret=\"qmxCfUZhhd\">\n<p><a href=\"https:\/\/observador.pt\/2025\/10\/31\/acumulacao-de-impactos-na-cabeca-no-futebol-pode-levar-a-demencia-diz-estudo\/\" rel=\"nofollow noopener\" target=\"_blank\">Acumula\u00e7\u00e3o de impactos na cabe\u00e7a no futebol pode levar \u00e0 dem\u00eancia, diz estudo<\/a><\/p>\n<\/blockquote>\n<p>\u201cVisito muitas cl\u00ednicas e lares para pessoas com dem\u00eancia e \u00e9 t\u00e3o deprimente. Ningu\u00e9m fala com ningu\u00e9m, toda a gente est\u00e1 perdida no seu pr\u00f3prio mundo. Saio sempre a chorar. Ela tem duas enfermeiras 24 horas por dia e s\u00e3o ambas especialistas na doen\u00e7a. Temos muita sorte\u201d, sublinhou. Aos 86 anos, <strong>Jackie Stewart continua a acordar cedo para fazer exerc\u00edcio, passeia os dois c\u00e3es e faz fisioterapia<\/strong> de forma regular \u2014 algo que se tornou obrigat\u00f3rio h\u00e1 dois anos, quando sofreu um AVC enquanto estava na Jord\u00e2nia como convidado de um casamento da fam\u00edlia real do pa\u00eds.<\/p>\n<p>Presen\u00e7a habitual nas corridas de F\u00f3rmula 1 e com lugar mais do que guardado para a \u00faltima do ano, no in\u00edcio de dezembro em Abu Dhabi, o antigo piloto<strong> fala apaixonadamente sobre as investiga\u00e7\u00f5es apoiadas pela funda\u00e7\u00e3o que criou:<\/strong> uma da Universidade de Cambridge, que procura encontrar mudan\u00e7as moleculares no c\u00e9rebro que antecipem dem\u00eancia 10 a 20 anos antes dos primeiros sintomas, outra da Universidade de Edimburgo, que estuda a maneira como a vers\u00e3o t\u00f3xica de uma prote\u00edna pode agravar a doen\u00e7a, ou at\u00e9 projetos associados \u00e0 utiliza\u00e7\u00e3o da intelig\u00eancia artificial.<\/p>\n<p>\u201cEncontro pessoas afetadas por esta doen\u00e7a em todos os s\u00edtios para onde viajo. Posso estar na rua em Timbuktu e algu\u00e9m vem ter comigo para dizer \u2018Jackie, lamento muito pela Helen, a minha m\u00e3e tamb\u00e9m tem dem\u00eancia\u2019. N\u00e3o sei quanto tempo vai demorar, n\u00e3o tenho um n\u00famero. Mas temos de encontrar uma cura. <strong>E rezo para que aconte\u00e7a enquanto ainda for vivo\u201d,<\/strong> terminou.<\/p>\n<blockquote class=\"wp-embedded-content\" data-secret=\"lazVRF0CwC\">\n<p><a href=\"https:\/\/observador.pt\/2020\/12\/10\/nao-tenho-memorias-nenhumas-oito-ex-jogadores-diagnosticados-com-demencia-vao-processar-a-world-rugby\/\" rel=\"nofollow noopener\" target=\"_blank\">\u201cN\u00e3o tenho mem\u00f3rias nenhumas\u201d. Oito ex-jogadores diagnosticados com dem\u00eancia v\u00e3o processar a World Rugby<\/a><\/p>\n<\/blockquote>\n","protected":false},"excerpt":{"rendered":"Aos 86 anos, sir Jackie Stewart \u00e9 o \u00fanico campe\u00e3o do mundo de F\u00f3rmula 1 dos anos 60&hellip;\n","protected":false},"author":2,"featured_media":164273,"comment_status":"","ping_status":"","sticky":false,"template":"","format":"standard","meta":{"footnotes":""},"categories":[87],"tags":[5968,135,6388,32,33,134],"class_list":{"0":"post-164272","1":"post","2":"type-post","3":"status-publish","4":"format-standard","5":"has-post-thumbnail","7":"category-desporto","8":"tag-automobilismo","9":"tag-desporto","10":"tag-fu00f3rmula-1","11":"tag-portugal","12":"tag-pt","13":"tag-sports"},"share_on_mastodon":{"url":"https:\/\/pubeurope.com\/@pt\/115607981747894560","error":""},"_links":{"self":[{"href":"https:\/\/www.europesays.com\/pt\/wp-json\/wp\/v2\/posts\/164272","targetHints":{"allow":["GET"]}}],"collection":[{"href":"https:\/\/www.europesays.com\/pt\/wp-json\/wp\/v2\/posts"}],"about":[{"href":"https:\/\/www.europesays.com\/pt\/wp-json\/wp\/v2\/types\/post"}],"author":[{"embeddable":true,"href":"https:\/\/www.europesays.com\/pt\/wp-json\/wp\/v2\/users\/2"}],"replies":[{"embeddable":true,"href":"https:\/\/www.europesays.com\/pt\/wp-json\/wp\/v2\/comments?post=164272"}],"version-history":[{"count":0,"href":"https:\/\/www.europesays.com\/pt\/wp-json\/wp\/v2\/posts\/164272\/revisions"}],"wp:featuredmedia":[{"embeddable":true,"href":"https:\/\/www.europesays.com\/pt\/wp-json\/wp\/v2\/media\/164273"}],"wp:attachment":[{"href":"https:\/\/www.europesays.com\/pt\/wp-json\/wp\/v2\/media?parent=164272"}],"wp:term":[{"taxonomy":"category","embeddable":true,"href":"https:\/\/www.europesays.com\/pt\/wp-json\/wp\/v2\/categories?post=164272"},{"taxonomy":"post_tag","embeddable":true,"href":"https:\/\/www.europesays.com\/pt\/wp-json\/wp\/v2\/tags?post=164272"}],"curies":[{"name":"wp","href":"https:\/\/api.w.org\/{rel}","templated":true}]}}