{"id":164280,"date":"2025-11-25T02:37:07","date_gmt":"2025-11-25T02:37:07","guid":{"rendered":"https:\/\/www.europesays.com\/pt\/164280\/"},"modified":"2025-11-25T02:37:07","modified_gmt":"2025-11-25T02:37:07","slug":"israel-mata-lider-militar-do-hezbollah-com-ataque-aereo-em-beirute","status":"publish","type":"post","link":"https:\/\/www.europesays.com\/pt\/164280\/","title":{"rendered":"Israel mata l\u00edder militar do Hezbollah com ataque a\u00e9reo em Beirute"},"content":{"rendered":"<p>Israel matou este domingo o principal respons\u00e1vel militar do Hezbollah num ataque a\u00e9reo em Haret Hreik, nos arredores de Beirute, anunciou o ex\u00e9rcito israelita, apesar do cessar-fogo mediado pelos Estados Unidos h\u00e1 um ano, <a href=\"https:\/\/www.reuters.com\/world\/middle-east\/israeli-military-says-it-struck-hezbollah-militant-lebanons-beirut-2025-11-23\/\" rel=\"nofollow noopener\" target=\"_blank\">escreve a Reuters<\/a>.<\/p>\n<p>O alvo do ataque foi Ali Tabtabai, chefe do Estado-Maior interino do grupo apoiado pelo Ir\u00e3o, considerado por Washington uma figura central do Hezbollah. Ainda n\u00e3o houve confirma\u00e7\u00e3o da sua morte por parte do grupo armado xiita, mas Mahmoud Qmati, dirigente da organiza\u00e7\u00e3o, confirmou que um membro importante foi atingido.<\/p>\n<p>Falando junto aos destro\u00e7os do edif\u00edcio atingido, Qmati disse que o ataque israelita ultrapassou uma \u201clinha vermelha\u201d e adiantou que a lideran\u00e7a do Hezbollah decidir\u00e1 sobre a eventual resposta.<\/p>\n<p>O Minist\u00e9rio da Sa\u00fade do L\u00edbano relatou cinco mortos e 28 feridos. O ataque atingiu um pr\u00e9dio de v\u00e1rios andares, lan\u00e7ando destro\u00e7os sobre carros e obrigando moradores a abandonar temporariamente os apartamentos.<\/p>\n<p>Tabtabai j\u00e1 tinha sido alvo de san\u00e7\u00f5es norte-americanas em 2016 e tinha a cabe\u00e7a a pr\u00e9mio, com uma recompensa de 5 milh\u00f5es de d\u00f3lares por informa\u00e7\u00f5es sobre ele. O ex\u00e9rcito israelita afirmou que o l\u00edder \u201ccomandava a maior parte das unidades do Hezbollah e trabalhava para restaur\u00e1-las para a prontid\u00e3o para a guerra com Israel\u201d.<\/p>\n<p>O ataque ocorre uma semana antes da chegada do Papa Le\u00e3o XIV ao L\u00edbano, numa visita que muitos libaneses esperam que sinalize uma aproxima\u00e7\u00e3o \u00e0 estabilidade, depois de anos de instabilidade e conflitos localizados.<\/p>\n<p>O cessar-fogo de novembro de 2024 pretendia p\u00f4r fim a um ano de confrontos entre Israel e o Hezbollah, desencadeados ap\u00f3s ataques do Hamas a Israel em outubro de 2023 e retalia\u00e7\u00f5es do Hezbollah. Apesar disso, Israel manteve ataques quase di\u00e1rios a posi\u00e7\u00f5es do grupo no L\u00edbano, visando dep\u00f3sitos de armas e combatentes, intensificando os bombardeamentos nas \u00faltimas semanas.<\/p>\n<p>O governo israelita reafirmou a linha dura. \u201cN\u00e3o permitiremos que o Hezbollah recupere e reconstrua a sua for\u00e7a e ameace Israel a partir de qualquer ponto do L\u00edbano\u201d, disse a porta-voz Shosh Bedrosian, acrescentando que Israel toma decis\u00f5es de forma independente, sem notificar os EUA antes das opera\u00e7\u00f5es.<\/p>\n<p>O L\u00edbano acusa Israel de violar repetidamente o cessar-fogo, incluindo a ocupa\u00e7\u00e3o de cinco postos no sul do pa\u00eds, enquanto Israel responsabiliza o Hezbollah por tentar reorganizar-se. O grupo liban\u00eas afirma cumprir o cessar-fogo e n\u00e3o disparar contra Israel desde a sua implementa\u00e7\u00e3o.<\/p>\n","protected":false},"excerpt":{"rendered":"Israel matou este domingo o principal respons\u00e1vel militar do Hezbollah num ataque a\u00e9reo em Haret Hreik, nos arredores&hellip;\n","protected":false},"author":2,"featured_media":164281,"comment_status":"","ping_status":"","sticky":false,"template":"","format":"standard","meta":{"footnotes":""},"categories":[50],"tags":[27,28,15,16,14,25,26,21,22,62,12,13,19,20,23,24,17,18,29,30,31,63,64,65],"class_list":{"0":"post-164280","1":"post","2":"type-post","3":"status-publish","4":"format-standard","5":"has-post-thumbnail","7":"category-mundo","8":"tag-breaking-news","9":"tag-breakingnews","10":"tag-featured-news","11":"tag-featurednews","12":"tag-headlines","13":"tag-latest-news","14":"tag-latestnews","15":"tag-main-news","16":"tag-mainnews","17":"tag-mundo","18":"tag-news","19":"tag-noticias","20":"tag-noticias-principais","21":"tag-noticiasprincipais","22":"tag-principais-noticias","23":"tag-principaisnoticias","24":"tag-top-stories","25":"tag-topstories","26":"tag-ultimas","27":"tag-ultimas-noticias","28":"tag-ultimasnoticias","29":"tag-world","30":"tag-world-news","31":"tag-worldnews"},"share_on_mastodon":{"url":"https:\/\/pubeurope.com\/@pt\/115608016890358802","error":""},"_links":{"self":[{"href":"https:\/\/www.europesays.com\/pt\/wp-json\/wp\/v2\/posts\/164280","targetHints":{"allow":["GET"]}}],"collection":[{"href":"https:\/\/www.europesays.com\/pt\/wp-json\/wp\/v2\/posts"}],"about":[{"href":"https:\/\/www.europesays.com\/pt\/wp-json\/wp\/v2\/types\/post"}],"author":[{"embeddable":true,"href":"https:\/\/www.europesays.com\/pt\/wp-json\/wp\/v2\/users\/2"}],"replies":[{"embeddable":true,"href":"https:\/\/www.europesays.com\/pt\/wp-json\/wp\/v2\/comments?post=164280"}],"version-history":[{"count":0,"href":"https:\/\/www.europesays.com\/pt\/wp-json\/wp\/v2\/posts\/164280\/revisions"}],"wp:featuredmedia":[{"embeddable":true,"href":"https:\/\/www.europesays.com\/pt\/wp-json\/wp\/v2\/media\/164281"}],"wp:attachment":[{"href":"https:\/\/www.europesays.com\/pt\/wp-json\/wp\/v2\/media?parent=164280"}],"wp:term":[{"taxonomy":"category","embeddable":true,"href":"https:\/\/www.europesays.com\/pt\/wp-json\/wp\/v2\/categories?post=164280"},{"taxonomy":"post_tag","embeddable":true,"href":"https:\/\/www.europesays.com\/pt\/wp-json\/wp\/v2\/tags?post=164280"}],"curies":[{"name":"wp","href":"https:\/\/api.w.org\/{rel}","templated":true}]}}