{"id":164302,"date":"2025-11-25T03:01:22","date_gmt":"2025-11-25T03:01:22","guid":{"rendered":"https:\/\/www.europesays.com\/pt\/164302\/"},"modified":"2025-11-25T03:01:22","modified_gmt":"2025-11-25T03:01:22","slug":"catarina-miranda-faz-revelacao-sobre-as-discussoes-com-afonso-leitao-e-ha-um-detalhe-inesperado-secret-story","status":"publish","type":"post","link":"https:\/\/www.europesays.com\/pt\/164302\/","title":{"rendered":"Catarina Miranda faz revela\u00e7\u00e3o sobre as discuss\u00f5es com Afonso Leit\u00e3o e h\u00e1 um detalhe inesperado &#8211; Secret Story"},"content":{"rendered":"<p data-end=\"830\" data-start=\"541\"><strong>Catarina Miranda<\/strong> voltou a abrir uma janela para a sua vida pessoal e partilhou, no Instagram, detalhes curiosos sobre a rela\u00e7\u00e3o com <strong>Afonso Leit\u00e3o<\/strong>. A finalista do <strong>Big Brother Ver\u00e3o<\/strong> esteve a responder a perguntas dos seguidores e acabou por revelar um pormenor que n\u00e3o passou despercebido.<\/p>\n<p data-end=\"1054\" data-start=\"832\">Entre as v\u00e1rias quest\u00f5es enviadas, um f\u00e3 pediu a Catarina que revelasse algumas curiosidades sobre o namorado. A jovem de Almeirim n\u00e3o hesitou e contou como decorrem as discuss\u00f5es do casal, sempre com um toque inesperado.<\/p>\n<p data-end=\"1263\" data-start=\"1056\"><strong>\u00abNas discuss\u00f5es que temos, acha que \u00e9 ator e eleva sempre a cena para outro n\u00edvel\u00bb<\/strong>, confessou Catarina Miranda, com humor, deixando impl\u00edcito que esses momentos acabam por ser t\u00e3o teatrais quanto divertidos.<\/p>\n<p data-end=\"1527\" data-start=\"1265\">A cumplicidade do casal continua a conquistar os seguidores, que adoram acompanhar a din\u00e2mica dos dois.\u00a0<\/p>\n<p data-end=\"1527\" data-start=\"1265\"><img loading=\"lazy\" decoding=\"async\" alt=\"\" height=\"889\" src=\"https:\/\/www.europesays.com\/pt\/wp-content\/uploads\/2025\/11\/692353c9d34e3caad84b98e5.webp\" width=\"500\"\/><\/p>\n<p data-end=\"1527\" data-start=\"1265\">\u00a0<\/p>\n","protected":false},"excerpt":{"rendered":"Catarina Miranda voltou a abrir uma janela para a sua vida pessoal e partilhou, no Instagram, detalhes curiosos&hellip;\n","protected":false},"author":2,"featured_media":164303,"comment_status":"","ping_status":"","sticky":false,"template":"","format":"standard","meta":{"footnotes":""},"categories":[142],"tags":[2031,18706,48,342,114,115,18705,32,33,151,18704],"class_list":{"0":"post-164302","1":"post","2":"type-post","3":"status-publish","4":"format-standard","5":"has-post-thumbnail","7":"category-tv","8":"tag-afonso-leitao","9":"tag-bastidores-secret-story","10":"tag-big-brother","11":"tag-catarina-miranda","12":"tag-entertainment","13":"tag-entretenimento","14":"tag-entrevistas-concorrentes-tvi","15":"tag-portugal","16":"tag-pt","17":"tag-tv","18":"tag-vida-fora-da-casa"},"share_on_mastodon":{"url":"https:\/\/pubeurope.com\/@pt\/115608111816617496","error":""},"_links":{"self":[{"href":"https:\/\/www.europesays.com\/pt\/wp-json\/wp\/v2\/posts\/164302","targetHints":{"allow":["GET"]}}],"collection":[{"href":"https:\/\/www.europesays.com\/pt\/wp-json\/wp\/v2\/posts"}],"about":[{"href":"https:\/\/www.europesays.com\/pt\/wp-json\/wp\/v2\/types\/post"}],"author":[{"embeddable":true,"href":"https:\/\/www.europesays.com\/pt\/wp-json\/wp\/v2\/users\/2"}],"replies":[{"embeddable":true,"href":"https:\/\/www.europesays.com\/pt\/wp-json\/wp\/v2\/comments?post=164302"}],"version-history":[{"count":0,"href":"https:\/\/www.europesays.com\/pt\/wp-json\/wp\/v2\/posts\/164302\/revisions"}],"wp:featuredmedia":[{"embeddable":true,"href":"https:\/\/www.europesays.com\/pt\/wp-json\/wp\/v2\/media\/164303"}],"wp:attachment":[{"href":"https:\/\/www.europesays.com\/pt\/wp-json\/wp\/v2\/media?parent=164302"}],"wp:term":[{"taxonomy":"category","embeddable":true,"href":"https:\/\/www.europesays.com\/pt\/wp-json\/wp\/v2\/categories?post=164302"},{"taxonomy":"post_tag","embeddable":true,"href":"https:\/\/www.europesays.com\/pt\/wp-json\/wp\/v2\/tags?post=164302"}],"curies":[{"name":"wp","href":"https:\/\/api.w.org\/{rel}","templated":true}]}}