{"id":164323,"date":"2025-11-25T03:20:41","date_gmt":"2025-11-25T03:20:41","guid":{"rendered":"https:\/\/www.europesays.com\/pt\/164323\/"},"modified":"2025-11-25T03:20:41","modified_gmt":"2025-11-25T03:20:41","slug":"minas-unida-contra-o-aedes-mobiliza-todos-os-municipios-da-regional-de-montes-claros","status":"publish","type":"post","link":"https:\/\/www.europesays.com\/pt\/164323\/","title":{"rendered":"Minas Unida Contra O Aedes Mobiliza Todos Os Munic\u00edpios Da Regional De Montes Claros"},"content":{"rendered":"<p>Os 54 munic\u00edpios que integram a \u00e1rea de atua\u00e7\u00e3o da Superintend\u00eancia Regional de Sa\u00fade (SRS) de Montes Claros realizam nos dias 28 e 29\/11, o \u201cDia D\u201d da Campanha Minas Unida contra o Aedes. Com a intensifica\u00e7\u00e3o do per\u00edodo chuvoso, a iniciativa coordenada pela Secretaria de Estado de Sa\u00fade de Minas Gerais (SES-MG) objetiva antecipar e refor\u00e7ar a mobiliza\u00e7\u00e3o dos munic\u00edpios e da popula\u00e7\u00e3o para o recolhimento e elimina\u00e7\u00e3o de materiais inserv\u00edveis, que possam acumular \u00e1gua e, com isso, contribuir para a prolifera\u00e7\u00e3o do mosquito transmissor da dengue, febre chikungunya, zika v\u00edrus e da febre amarela.\u00a0<\/p>\n<p>\u201cOs levantamentos de \u00edndices de infesta\u00e7\u00e3o do Aedes aegypti, realizados regularmente pelos munic\u00edpios, refor\u00e7am que mais de 80% dos focos est\u00e3o no interior de domic\u00edlios. Da\u00ed a necessidade e a import\u00e2ncia da popula\u00e7\u00e3o ser mobilizada para a limpeza dos im\u00f3veis. Sem a participa\u00e7\u00e3o efetiva da popula\u00e7\u00e3o, s\u00f3 o trabalho realizado pelas secretarias municipais de sa\u00fade n\u00e3o \u00e9 suficiente para conter o avan\u00e7o da transmiss\u00e3o das arboviroses\u201d, alerta a coordenadora de vigil\u00e2ncia em sa\u00fade na SRS de Montes Claros, Agna Soares da Silva Menezes.\u00a0<\/p>\n<p>A partir da segunda quinzena de outubro, prosseguindo at\u00e9 maio, a altern\u00e2ncia de per\u00edodos de chuva e de temperaturas elevadas favorece a prolifera\u00e7\u00e3o do Aedes aegypti e, consequentemente, a transmiss\u00e3o de doen\u00e7as.\u00a0<\/p>\n<p>\u201cPara evitar a sobrecarga de atendimentos nos servi\u00e7os de sa\u00fade, a intensifica\u00e7\u00e3o do trabalho dos agentes de controle de endemias e da popula\u00e7\u00e3o na elimina\u00e7\u00e3o de potenciais focos de prolifera\u00e7\u00e3o do Aedes se torna fator de fundamental import\u00e2ncia para conter o avan\u00e7o das arboviroses e, consequentemente, reduzir o risco de \u00f3bitos\u201d, refor\u00e7a Agna Menezes.<\/p>\n<p>Al\u00e9m da intensifica\u00e7\u00e3o do trabalho dos agentes de controle de endemias, a coordenadora lembra que outras estrat\u00e9gias adotadas pela Secretaria de Estado da Sa\u00fade, juntamente com os munic\u00edpios, t\u00eam obtido resultados positivos para o enfrentamento \u00e0s arboviroses. Trata-se do uso de novas tecnologias como as ovitrampas e drones para a identifica\u00e7\u00e3o de focos de prolifera\u00e7\u00e3o do Aedes em locais de dif\u00edcil acesso.\u00a0<\/p>\n<p>Enquanto em 2024 foram confirmados mais de 1,4 milh\u00e3o de casos de dengue em todo o estado, neste ano dados do Painel das Arboviroses mantido pela SES-MG apontam que at\u00e9 a semana epidemiol\u00f3gica 47 foram confirmados 115.093 casos da doen\u00e7a. Os \u00f3bitos que chegaram a 1.266 em 2024, neste ano somam 141.\u00a0\u00a0<\/p>\n<p>Nos 54 munic\u00edpios da \u00e1rea de atua\u00e7\u00e3o da SRS de Montes Claros, neste ano tamb\u00e9m ocorreu consider\u00e1vel redu\u00e7\u00e3o dos casos confirmados de arboviroses: 3.020 casos de dengue; 82 de febre chikungunya e nenhum caso confirmado de zika.\u00a0<\/p>\n<p>J\u00e1 em 2024, nos munic\u00edpios da SRS foram confirmados 36.846 casos de dengue; 959 casos de febre chikungunya e tr\u00eas casos de zika v\u00edrus. \u201cEsses avan\u00e7os s\u00e3o fruto da soma de fatores: o trabalho di\u00e1rio dos agentes de endemias, o uso de novas tecnologias, o apoio t\u00e9cnico da SES-MG e, principalmente, o envolvimento da popula\u00e7\u00e3o\u201d, disse Dhyeime Marques, superintendente da SRS Montes Claros.<\/p>\n<p><strong>Recursos<\/strong><\/p>\n<p>Com o objetivo de assegurar resposta r\u00e1pida e eficaz no enfrentamento das doen\u00e7as caracterizadas como emerg\u00eancias em sa\u00fade p\u00fablica, a partir deste m\u00eas a SES-MG est\u00e1 disponibilizando mais de R$ 6 milh\u00f5es a 86 munic\u00edpios da macrorregi\u00e3o de sa\u00fade Norte. Os recursos devem ser utilizados em a\u00e7\u00f5es de prepara\u00e7\u00e3o e resposta dos servi\u00e7os de sa\u00fade, com \u00eanfase para o enfrentamento do per\u00edodo sazonal das arboviroses, v\u00edrus respirat\u00f3rios e outras doen\u00e7as transmiss\u00edveis de import\u00e2ncia epidemiol\u00f3gica.\u00a0<\/p>\n<p>Entre as possibilidades de utiliza\u00e7\u00e3o dos recursos est\u00e3o: aquisi\u00e7\u00e3o de insumos e equipamentos de prote\u00e7\u00e3o individual; custeio de impress\u00f5es gr\u00e1ficas e outros materiais de apoio para a\u00e7\u00f5es de mobiliza\u00e7\u00e3o social e mutir\u00f5es de limpeza; compra de exames para apoio diagn\u00f3stico, coleta de material biol\u00f3gico e insumos para vigil\u00e2ncia laboratorial; aquisi\u00e7\u00e3o de tampas para reservat\u00f3rios de \u00e1gua e loca\u00e7\u00e3o de ve\u00edculos.\u00a0<\/p>\n<p>Por: Pedro Ricardo<\/p>\n<p>Foto: Prefeitura de Catuti: Mutir\u00e3o de limpeza realizado no dia 24 de novembro em Catuti<\/p>\n","protected":false},"excerpt":{"rendered":"Os 54 munic\u00edpios que integram a \u00e1rea de atua\u00e7\u00e3o da Superintend\u00eancia Regional de Sa\u00fade (SRS) de Montes Claros&hellip;\n","protected":false},"author":2,"featured_media":164324,"comment_status":"","ping_status":"","sticky":false,"template":"","format":"standard","meta":{"footnotes":""},"categories":[86],"tags":[116,32,33,117],"class_list":{"0":"post-164323","1":"post","2":"type-post","3":"status-publish","4":"format-standard","5":"has-post-thumbnail","7":"category-saude","8":"tag-health","9":"tag-portugal","10":"tag-pt","11":"tag-saude"},"share_on_mastodon":{"url":"https:\/\/pubeurope.com\/@pt\/115608186053428410","error":""},"_links":{"self":[{"href":"https:\/\/www.europesays.com\/pt\/wp-json\/wp\/v2\/posts\/164323","targetHints":{"allow":["GET"]}}],"collection":[{"href":"https:\/\/www.europesays.com\/pt\/wp-json\/wp\/v2\/posts"}],"about":[{"href":"https:\/\/www.europesays.com\/pt\/wp-json\/wp\/v2\/types\/post"}],"author":[{"embeddable":true,"href":"https:\/\/www.europesays.com\/pt\/wp-json\/wp\/v2\/users\/2"}],"replies":[{"embeddable":true,"href":"https:\/\/www.europesays.com\/pt\/wp-json\/wp\/v2\/comments?post=164323"}],"version-history":[{"count":0,"href":"https:\/\/www.europesays.com\/pt\/wp-json\/wp\/v2\/posts\/164323\/revisions"}],"wp:featuredmedia":[{"embeddable":true,"href":"https:\/\/www.europesays.com\/pt\/wp-json\/wp\/v2\/media\/164324"}],"wp:attachment":[{"href":"https:\/\/www.europesays.com\/pt\/wp-json\/wp\/v2\/media?parent=164323"}],"wp:term":[{"taxonomy":"category","embeddable":true,"href":"https:\/\/www.europesays.com\/pt\/wp-json\/wp\/v2\/categories?post=164323"},{"taxonomy":"post_tag","embeddable":true,"href":"https:\/\/www.europesays.com\/pt\/wp-json\/wp\/v2\/tags?post=164323"}],"curies":[{"name":"wp","href":"https:\/\/api.w.org\/{rel}","templated":true}]}}