{"id":164327,"date":"2025-11-25T03:22:11","date_gmt":"2025-11-25T03:22:11","guid":{"rendered":"https:\/\/www.europesays.com\/pt\/164327\/"},"modified":"2025-11-25T03:22:11","modified_gmt":"2025-11-25T03:22:11","slug":"encontro-com-o-autor-recebe-o-escritor-tom-farias-assessoria-de-imprensa","status":"publish","type":"post","link":"https:\/\/www.europesays.com\/pt\/164327\/","title":{"rendered":"Encontro com o Autor recebe o escritor Tom Farias &#8211; Assessoria de Imprensa"},"content":{"rendered":"<p class=\"g-artigo__data-hora\">\n              24\/11\/2025 &#8211; 14:15 \u00a0\n            <\/p>\n<p>\u00a0 \u00a0 \u00a0 \u00a0 \u00a0 \u00a0 \u00a0 \u00a0 \u00a0 \u00a0 \u00a0 \u00a0 \u00a0 \u00a0 \u00a0 \u00a0 \u00a0 \u00a0 \u00a0 \u00a0 \u00a0 \u00a0 \u00a0 \u00a0 \u00a0 \u00a0 \u00a0 \u00a0 \u00a0 \u00a0 \u00a0 \u00a0 \u00a0 \u00a0 \u00a0 \u00a0 \u00a0 \u00a0 \u00a0 \u00a0 \u00a0 \u00a0 \u00a0 \u00a0 \u00a0 \u00a0 \u00a0 \u00a0 \u00a0 \u00a0 \u00a0 \u00a0 \u00a0 \u00a0 \u00a0 <img decoding=\"async\" style=\"width: 100%; height: auto;\" src=\"https:\/\/www.europesays.com\/pt\/wp-content\/uploads\/2025\/11\/tom-farias-1-722x848.jpeg\"\/><\/p>\n<p class=\"pf0\">A C\u00e2mara dos Deputados recebe, nesta sexta-feira (28), o escritor Tom Farias. Entre outras atividades, o convidado dedica-se \u00e0 pesquisa sobre personalidades negras brasileiras, de forma a resgatar a relev\u00e2ncia hist\u00f3rica e liter\u00e1ria de personagens como Cruz e Sousa, Jos\u00e9 do Patroc\u00ednio, Maria Firmina dos Reis e Carolina Maria de Jesus. O \u201cEncontro com o Autor\u201d ser\u00e1 \u00e0s 11h, no Sal\u00e3o de Leitura da biblioteca da Casa. O evento faz parte da programa\u00e7\u00e3o do \u201cNovembro Negro\u201d na C\u00e2mara.<\/p>\n<p class=\"pf0\"><strong>O escritor<\/strong><br \/>Escritor, cr\u00edtico liter\u00e1rio e roteirista, Tom Farias tem 18 livros publicados nos g\u00eaneros romance, ensaio, biografia e jornalismo. Entre as obras est\u00e3o os romances \u201cOs crimes do rio vermelho\u201d, \u201cA Bolha\u201d e \u201cToda f\u00faria\u201d, publicados no Brasil e em Portugal. \u00c9 autor do posf\u00e1cio do livro de Martinho da Vila, \u201c2018: Cr\u00f4nicas de um ano at\u00edpico\u201d, lan\u00e7ado em 2019. Seu \u00faltimo trabalho como roteirista \u00e9 a s\u00e9rie \u201cLibert\u00e1rixs\u201d, da TV Cultura.<\/p>\n<p class=\"pf0\">Tom Farias recebeu seis pr\u00eamios liter\u00e1rios (da Academia Brasileira de Letras, do governo do estado de Santa Catarina e da\u00a0Flup, entre outros) e foi duas vezes finalista do pr\u00eamio Jabuti, da C\u00e2mara Brasileira do Livro\u00a0\u2013 em 2009 e 2019.<\/p>\n<p class=\"pf0\">Participou, como criador e curador, de v\u00e1rios festivais de literatura, no Brasil e no exterior, com destaque para\u00a0FlinkSampa\u00a0(SP), Expo Internacional da Consci\u00eancia Negra (SP), LER (RJ), FLUP (RJ),\u00a0FliPetr\u00f3polis\u00a0(RJ),\u00a0FliArax\u00e1\u00a0(MG),\u00a0FliParacatu\u00a0(MG),\u00a0FliItabira\u00a0(MG),\u00a0FliPara\u00edba\u00a0(MG),\u00a0FliCoimbra\u00a0(Portugal) e Virada Liter\u00e1ria (SP).<\/p>\n<p class=\"pf0\">Tom Farias trabalha em a\u00e7\u00f5es voltadas para o interc\u00e2mbio sociocultural entre os pa\u00edses de l\u00edngua portuguesa e \u00e9 conselheiro da Casa\u00a0da\u00a0Cidadania da L\u00edngua, com sede em Coimbra. \u00c9 membro da Academia Carioca de Letras e da Comiss\u00e3o de Promo\u00e7\u00e3o da Igualdade Racial do Tribunal Superior Eleitoral (TSE). O escritor tamb\u00e9m \u00e9 colunista do jornal Folha de S. Paulo.<\/p>\n<p class=\"pf0\"><strong>Encontro com o Autor<\/strong><br \/>O Encontro com o Autor \u00e9 uma parceria entre o Centro Cultural e o Centro de Documenta\u00e7\u00e3o e Informa\u00e7\u00e3o da C\u00e2mara dos Deputados, com apoio da TV C\u00e2mara. Os programas gravados est\u00e3o dispon\u00edveis na playlist do programa no Youtube.<\/p>\n<p class=\"pf0\"><strong>Servi\u00e7o:<br \/>Encontro com o Autor Tom Farias<br \/>Data:\u00a0<\/strong>28 de novembro, sexta-feira<br \/><strong>Hor\u00e1rio:\u00a0<\/strong>11h<br \/><strong>Local:<\/strong>\u00a0Sal\u00e3o de Leitura da Biblioteca da C\u00e2mara dos Deputados\u00a0\u2013 Anexo II<br \/>Entrada Franca<\/p>\n<dl>\n<dt\/>\n            <\/dl>\n","protected":false},"excerpt":{"rendered":"24\/11\/2025 &#8211; 14:15 \u00a0 \u00a0 \u00a0 \u00a0 \u00a0 \u00a0 \u00a0 \u00a0 \u00a0 \u00a0 \u00a0 \u00a0 \u00a0 \u00a0 \u00a0&hellip;\n","protected":false},"author":2,"featured_media":164328,"comment_status":"","ping_status":"","sticky":false,"template":"","format":"standard","meta":{"footnotes":""},"categories":[84],"tags":[109,107,108,32,33,105,103,104,106,110],"class_list":{"0":"post-164327","1":"post","2":"type-post","3":"status-publish","4":"format-standard","5":"has-post-thumbnail","7":"category-ciencia-e-tecnologia","8":"tag-ciencia","9":"tag-ciencia-e-tecnologia","10":"tag-cienciaetecnologia","11":"tag-portugal","12":"tag-pt","13":"tag-science","14":"tag-science-and-technology","15":"tag-scienceandtechnology","16":"tag-technology","17":"tag-tecnologia"},"share_on_mastodon":{"url":"https:\/\/pubeurope.com\/@pt\/115608194000036467","error":""},"_links":{"self":[{"href":"https:\/\/www.europesays.com\/pt\/wp-json\/wp\/v2\/posts\/164327","targetHints":{"allow":["GET"]}}],"collection":[{"href":"https:\/\/www.europesays.com\/pt\/wp-json\/wp\/v2\/posts"}],"about":[{"href":"https:\/\/www.europesays.com\/pt\/wp-json\/wp\/v2\/types\/post"}],"author":[{"embeddable":true,"href":"https:\/\/www.europesays.com\/pt\/wp-json\/wp\/v2\/users\/2"}],"replies":[{"embeddable":true,"href":"https:\/\/www.europesays.com\/pt\/wp-json\/wp\/v2\/comments?post=164327"}],"version-history":[{"count":0,"href":"https:\/\/www.europesays.com\/pt\/wp-json\/wp\/v2\/posts\/164327\/revisions"}],"wp:featuredmedia":[{"embeddable":true,"href":"https:\/\/www.europesays.com\/pt\/wp-json\/wp\/v2\/media\/164328"}],"wp:attachment":[{"href":"https:\/\/www.europesays.com\/pt\/wp-json\/wp\/v2\/media?parent=164327"}],"wp:term":[{"taxonomy":"category","embeddable":true,"href":"https:\/\/www.europesays.com\/pt\/wp-json\/wp\/v2\/categories?post=164327"},{"taxonomy":"post_tag","embeddable":true,"href":"https:\/\/www.europesays.com\/pt\/wp-json\/wp\/v2\/tags?post=164327"}],"curies":[{"name":"wp","href":"https:\/\/api.w.org\/{rel}","templated":true}]}}