{"id":164349,"date":"2025-11-25T04:14:29","date_gmt":"2025-11-25T04:14:29","guid":{"rendered":"https:\/\/www.europesays.com\/pt\/164349\/"},"modified":"2025-11-25T04:14:29","modified_gmt":"2025-11-25T04:14:29","slug":"semana-municipal-de-combate-as-arboviroses-tem-inicio-com-acoes-de-inspecao-em-riacho-da-guia","status":"publish","type":"post","link":"https:\/\/www.europesays.com\/pt\/164349\/","title":{"rendered":"Semana Municipal de Combate \u00e0s Arboviroses tem in\u00edcio com a\u00e7\u00f5es de inspe\u00e7\u00e3o em Riacho da Guia"},"content":{"rendered":"<p><a href=\"https:\/\/www.europesays.com\/pt\/wp-content\/uploads\/2025\/11\/WhatsApp-Image-2025-11-24-at-12.04.04.jpeg\"><img loading=\"lazy\" decoding=\"async\" class=\"aligncenter size-full wp-image-85655\" src=\"https:\/\/www.europesays.com\/pt\/wp-content\/uploads\/2025\/11\/WhatsApp-Image-2025-11-24-at-12.04.04.jpeg\" alt=\"\" width=\"1600\" height=\"1066\"  \/><\/a><\/p>\n<p>A Prefeitura de Alagoinhas iniciou, nesta segunda-feira, 24, as atividades da Semana Municipal de Combate \u00e0s Arboviroses, que segue at\u00e9 28 de novembro com uma s\u00e9rie de a\u00e7\u00f5es voltadas \u00e0 preven\u00e7\u00e3o e ao enfrentamento do mosquito Aedes aegypti (transmissor da dengue, zika e Chikungunya). A programa\u00e7\u00e3o inclui mutir\u00f5es de limpeza, inspe\u00e7\u00f5es em \u00e1reas cr\u00edticas, visitas domiciliares, atividades educativas e mobiliza\u00e7\u00e3o comunit\u00e1ria em diferentes pontos do munic\u00edpio.<\/p>\n<p>A abertura da semana ocorreu no distrito de Riacho da Guia, onde 50 agentes de endemias e supervisores realizaram um grande trabalho de inspe\u00e7\u00e3o residencial. A a\u00e7\u00e3o alcan\u00e7ou 20 quarteir\u00f5es e mais de 615 im\u00f3veis, com foco na identifica\u00e7\u00e3o e elimina\u00e7\u00e3o de potenciais criadouros do mosquito.<\/p>\n<p>\u201cEsse trabalho consiste em visitar os im\u00f3veis para fazer o tratamento focal, com a aplica\u00e7\u00e3o de larvicida quando identificados focos de contamina\u00e7\u00e3o. Atentamos para a elimina\u00e7\u00e3o de ac\u00famulo de \u00e1gua e identificamos pontos cr\u00edticos para prolifera\u00e7\u00e3o do mosquito\u201d, explica o gerente de Endemias da Vigil\u00e2ncia em Sa\u00fade da Secretaria Municipal de Sa\u00fade, Jo\u00e3o Teixeira.<\/p>\n<p>Ainda segundo o gerente, a iniciativa \u00e9 essencial para reduzir os riscos de aparecimento das doen\u00e7as. \u201cO tratamento focal \u00e9 para evitar que novos mosquitos apare\u00e7am. Temos tamb\u00e9m a equipe de pontos estrat\u00e9gicos, que faz o tratamento perifocal, com o uso da bomba costal. Nesta semana, faremos esse servi\u00e7o no cemit\u00e9rio do Riacho da Guia\u201d, acrescenta.<\/p>\n<p>As equipes da Aten\u00e7\u00e3o B\u00e1sica tamb\u00e9m participaram da a\u00e7\u00e3o, com o apoio dos agentes comunit\u00e1rios de sa\u00fade, que mobilizaram e informaram previamente os moradores sobre as visitas. A participa\u00e7\u00e3o da comunidade tem sido positiva e refor\u00e7a a import\u00e2ncia da colabora\u00e7\u00e3o de todos no combate ao vetor.<\/p>\n<p>Agenda de prote\u00e7\u00e3o<\/p>\n<p>A Semana Municipal de Combate \u00e0s Arboviroses segue nesta ter\u00e7a-feira, 25, com nova etapa de inspe\u00e7\u00e3o residencial, desta vez no povoado do Quil\u00f4metro 19. Na quarta, 26, e quinta-feira, 27, haver\u00e1 um faxina\u00e7o no Conjunto Nulce Pereira e no bairro Santa Terezinha, mobilizando equipes e moradores para eliminar criadouros e promover ambientes mais seguros. Na quarta-feira, estudantes do Col\u00e9gio Estadual S\u00e3o Francisco tamb\u00e9m participam de uma atividade educativa com teatro voltado \u00e0 conscientiza\u00e7\u00e3o sobre preven\u00e7\u00e3o das arboviroses.<\/p>\n<p>Encerrando a programa\u00e7\u00e3o, na sexta-feira, 28, ser\u00e1 realizado o \u201cSem\u00e1foro da Educa\u00e7\u00e3o\u201d, com distribui\u00e7\u00e3o de panfletos e orienta\u00e7\u00f5es \u00e0 popula\u00e7\u00e3o nas proximidades da sede da Vigil\u00e2ncia em Sa\u00fade.<\/p>\n<p><a href=\"https:\/\/www.europesays.com\/pt\/wp-content\/uploads\/2025\/11\/WhatsApp-Image-2025-11-24-at-12.04.07.jpeg\"><img loading=\"lazy\" decoding=\"async\" class=\"aligncenter size-full wp-image-85654\" src=\"https:\/\/www.europesays.com\/pt\/wp-content\/uploads\/2025\/11\/WhatsApp-Image-2025-11-24-at-12.04.07.jpeg\" alt=\"\" width=\"1600\" height=\"1066\"  \/><\/a><\/p>\n<p><a href=\"https:\/\/www.europesays.com\/pt\/wp-content\/uploads\/2025\/11\/WhatsApp-Image-2025-11-24-at-12.04.08-1.jpeg\"><img loading=\"lazy\" decoding=\"async\" class=\"aligncenter size-full wp-image-85652\" src=\"https:\/\/www.europesays.com\/pt\/wp-content\/uploads\/2025\/11\/WhatsApp-Image-2025-11-24-at-12.04.08-1.jpeg\" alt=\"\" width=\"1600\" height=\"1066\"  \/><\/a><\/p>\n<p><strong>Fotos: Roberto Fonseca\/Secom\/Alagoinhas<\/strong><\/p>\n","protected":false},"excerpt":{"rendered":"A Prefeitura de Alagoinhas iniciou, nesta segunda-feira, 24, as atividades da Semana Municipal de Combate \u00e0s Arboviroses, que&hellip;\n","protected":false},"author":2,"featured_media":164350,"comment_status":"","ping_status":"","sticky":false,"template":"","format":"standard","meta":{"footnotes":""},"categories":[86],"tags":[116,32,33,117],"class_list":{"0":"post-164349","1":"post","2":"type-post","3":"status-publish","4":"format-standard","5":"has-post-thumbnail","7":"category-saude","8":"tag-health","9":"tag-portugal","10":"tag-pt","11":"tag-saude"},"share_on_mastodon":{"url":"https:\/\/pubeurope.com\/@pt\/115608398746599881","error":""},"_links":{"self":[{"href":"https:\/\/www.europesays.com\/pt\/wp-json\/wp\/v2\/posts\/164349","targetHints":{"allow":["GET"]}}],"collection":[{"href":"https:\/\/www.europesays.com\/pt\/wp-json\/wp\/v2\/posts"}],"about":[{"href":"https:\/\/www.europesays.com\/pt\/wp-json\/wp\/v2\/types\/post"}],"author":[{"embeddable":true,"href":"https:\/\/www.europesays.com\/pt\/wp-json\/wp\/v2\/users\/2"}],"replies":[{"embeddable":true,"href":"https:\/\/www.europesays.com\/pt\/wp-json\/wp\/v2\/comments?post=164349"}],"version-history":[{"count":0,"href":"https:\/\/www.europesays.com\/pt\/wp-json\/wp\/v2\/posts\/164349\/revisions"}],"wp:featuredmedia":[{"embeddable":true,"href":"https:\/\/www.europesays.com\/pt\/wp-json\/wp\/v2\/media\/164350"}],"wp:attachment":[{"href":"https:\/\/www.europesays.com\/pt\/wp-json\/wp\/v2\/media?parent=164349"}],"wp:term":[{"taxonomy":"category","embeddable":true,"href":"https:\/\/www.europesays.com\/pt\/wp-json\/wp\/v2\/categories?post=164349"},{"taxonomy":"post_tag","embeddable":true,"href":"https:\/\/www.europesays.com\/pt\/wp-json\/wp\/v2\/tags?post=164349"}],"curies":[{"name":"wp","href":"https:\/\/api.w.org\/{rel}","templated":true}]}}