{"id":164351,"date":"2025-11-25T04:18:29","date_gmt":"2025-11-25T04:18:29","guid":{"rendered":"https:\/\/www.europesays.com\/pt\/164351\/"},"modified":"2025-11-25T04:18:29","modified_gmt":"2025-11-25T04:18:29","slug":"antiga-presidente-da-fundacao-para-a-ciencia-e-tecnologia-critica-fusao-com-agencia-para-inovacao","status":"publish","type":"post","link":"https:\/\/www.europesays.com\/pt\/164351\/","title":{"rendered":"Antiga presidente da Funda\u00e7\u00e3o para a Ci\u00eancia e Tecnologia critica fus\u00e3o com Ag\u00eancia para Inova\u00e7\u00e3o"},"content":{"rendered":"<p>                Esta segunda-feira, no Ponto Central da Antena 1, Helena Pereira, antiga presidente da Funda\u00e7\u00e3o para a Ci\u00eancia e Tecnologia, criticou a fus\u00e3o da funda\u00e7\u00e3o e da Ag\u00eancia para a Inova\u00e7\u00e3o num novo organismo, no \u00e2mbito da reforma do Estado, um processo que encara com apreens\u00e3o.<br \/>\n          <img decoding=\"async\" itemprop=\"image\" class=\"img-fluid\"   src=\"https:\/\/www.europesays.com\/pt\/wp-content\/uploads\/2025\/11\/1764044309_30_bg_playeraudio_4.jpg\"\/><\/p>\n<p>Apesar de ci\u00eancia e inova\u00e7\u00e3o terem pontos de contacto, Helena Pereira considera que h\u00e1 muitas diferen\u00e7as entre elas e que a ci\u00eancia pode sair a perder neste processo.<br \/>\n          <img decoding=\"async\" itemprop=\"image\" class=\"img-fluid\"   src=\"https:\/\/www.europesays.com\/pt\/wp-content\/uploads\/2025\/11\/1764044309_280_bg_playeraudio_1.jpg\"\/><\/p>\n","protected":false},"excerpt":{"rendered":"Esta segunda-feira, no Ponto Central da Antena 1, Helena Pereira, antiga presidente da Funda\u00e7\u00e3o para a Ci\u00eancia e&hellip;\n","protected":false},"author":2,"featured_media":164352,"comment_status":"","ping_status":"","sticky":false,"template":"","format":"standard","meta":{"footnotes":""},"categories":[83],"tags":[88,109,89,90,32,33],"class_list":{"0":"post-164351","1":"post","2":"type-post","3":"status-publish","4":"format-standard","5":"has-post-thumbnail","7":"category-empresas","8":"tag-business","9":"tag-ciencia","10":"tag-economy","11":"tag-empresas","12":"tag-portugal","13":"tag-pt"},"share_on_mastodon":{"url":"https:\/\/pubeurope.com\/@pt\/115608414271241907","error":""},"_links":{"self":[{"href":"https:\/\/www.europesays.com\/pt\/wp-json\/wp\/v2\/posts\/164351","targetHints":{"allow":["GET"]}}],"collection":[{"href":"https:\/\/www.europesays.com\/pt\/wp-json\/wp\/v2\/posts"}],"about":[{"href":"https:\/\/www.europesays.com\/pt\/wp-json\/wp\/v2\/types\/post"}],"author":[{"embeddable":true,"href":"https:\/\/www.europesays.com\/pt\/wp-json\/wp\/v2\/users\/2"}],"replies":[{"embeddable":true,"href":"https:\/\/www.europesays.com\/pt\/wp-json\/wp\/v2\/comments?post=164351"}],"version-history":[{"count":0,"href":"https:\/\/www.europesays.com\/pt\/wp-json\/wp\/v2\/posts\/164351\/revisions"}],"wp:featuredmedia":[{"embeddable":true,"href":"https:\/\/www.europesays.com\/pt\/wp-json\/wp\/v2\/media\/164352"}],"wp:attachment":[{"href":"https:\/\/www.europesays.com\/pt\/wp-json\/wp\/v2\/media?parent=164351"}],"wp:term":[{"taxonomy":"category","embeddable":true,"href":"https:\/\/www.europesays.com\/pt\/wp-json\/wp\/v2\/categories?post=164351"},{"taxonomy":"post_tag","embeddable":true,"href":"https:\/\/www.europesays.com\/pt\/wp-json\/wp\/v2\/tags?post=164351"}],"curies":[{"name":"wp","href":"https:\/\/api.w.org\/{rel}","templated":true}]}}