{"id":164363,"date":"2025-11-25T04:43:23","date_gmt":"2025-11-25T04:43:23","guid":{"rendered":"https:\/\/www.europesays.com\/pt\/164363\/"},"modified":"2025-11-25T04:43:23","modified_gmt":"2025-11-25T04:43:23","slug":"impactos-na-saude-e-o-papel-essencial-do-medico-ginecologista","status":"publish","type":"post","link":"https:\/\/www.europesays.com\/pt\/164363\/","title":{"rendered":"impactos na sa\u00fade e o papel essencial do m\u00e9dico ginecologista"},"content":{"rendered":"<p>\t\t\t\t\t\t\t\t    \t\t\t<a data-k2-modal=\"image\" href=\"https:\/\/www.febrasgo.org.br\/media\/k2\/items\/cache\/b90c3557a61a887cb566204d08aac170_XL.jpg\" title=\"Clique para imagem de visualiza\u00e7\u00e3o\" rel=\"nofollow noopener\" target=\"_blank\"><br \/>\n\t\t\t\t\t\t\t\t<img decoding=\"async\" src=\"https:\/\/www.europesays.com\/pt\/wp-content\/uploads\/2025\/11\/b90c3557a61a887cb566204d08aac170_L.jpg\" alt=\"Viol\u00eancia contra a mulher: impactos na sa\u00fade e o papel essencial do m\u00e9dico ginecologista\" style=\"width:100%; ?&gt;px; max-width:100%; height:auto;\"\/><br \/>\n\t\t\t\t\t\t\t<\/a><\/p>\n<ul>&#13;<\/p>\n<li>Mulheres expostas a agress\u00f5es t\u00eam maior probabilidade de enfrentar aborto<\/li>\n<p>&#13;\n<\/ul>\n<ul>&#13;<\/p>\n<li>25\/11 \u00e9 o Dia Internacional para Elimina\u00e7\u00e3o da Viol\u00eancia contra as Mulheres <\/li>\n<p>&#13;\n<\/ul>\n<p>\u00a0<\/p>\n<p>A viol\u00eancia contra a mulher permanece como uma das mais graves viola\u00e7\u00f5es dos direitos humanos e um desafio urgente de sa\u00fade p\u00fablica. Suas manifesta\u00e7\u00f5es \u2014 f\u00edsicas, psicol\u00f3gicas, sexuais e patrimoniais &#8211; produzem efeitos que ultrapassam o sofrimento individual e se estendem \u00e0s fam\u00edlias, \u00e0s comunidades e a toda a sociedade.<\/p>\n<p>Segundo a m\u00e9dica <strong>Dra. Aline Veras Morais Brilhante<\/strong>, <strong>ginecologista da Comiss\u00e3o Nacional Especializada em Viol\u00eancia Sexual e Interrup\u00e7\u00e3o Gestacional Prevista em Lei da<\/strong> <a href=\"https:\/\/www.febrasgo.org.br\/\" rel=\"nofollow noopener\" target=\"_blank\"><strong>Federa\u00e7\u00e3o Brasileira das Associa\u00e7\u00f5es de Ginecologia e Obstetr\u00edcia (FEBRASGO)<\/strong><\/a>, os danos provocados pela viol\u00eancia s\u00e3o amplos e persistentes. \u201cAs consequ\u00eancias s\u00e3o complexas, multifacetadas e podem acompanhar a mulher por toda a vida, afetando n\u00e3o apenas sua sa\u00fade f\u00edsica e emocional, mas tamb\u00e9m seu bem-estar social, sua autonomia e seu futuro\u201d, afirma.<\/p>\n<p><strong>Impactos na sa\u00fade sexual e reprodutiva<\/strong><\/p>\n<p>No \u00e2mbito f\u00edsico, as agress\u00f5es podem resultar em les\u00f5es de diferentes gravidades, como fraturas, queimaduras, hematomas e traumas ginecol\u00f3gicos. Em casos mais extremos, a viol\u00eancia culmina no feminic\u00eddio, express\u00e3o mais cruel da desigualdade de g\u00eanero.<\/p>\n<p>A viol\u00eancia tamb\u00e9m compromete profundamente a sa\u00fade sexual e reprodutiva das v\u00edtimas. Mulheres expostas a agress\u00f5es t\u00eam maior probabilidade de enfrentar gesta\u00e7\u00f5es indesejadas, abortos inseguros, complica\u00e7\u00f5es na gravidez &#8211; como parto prematuro e aborto espont\u00e2neo -, al\u00e9m de infec\u00e7\u00f5es sexualmente transmiss\u00edveis, incluindo o HIV. A viol\u00eancia sexual, em especial, imp\u00f5e riscos diretos ao corpo e \u00e0 sa\u00fade mental da mulher.<\/p>\n<p>Dra. Aline destaca que esses impactos raramente se limitam ao momento da agress\u00e3o. \u201cA exposi\u00e7\u00e3o prolongada ao estresse e ao trauma pode desencadear s\u00edndromes dolorosas cr\u00f4nicas, dist\u00farbios gastrointestinais, dores de cabe\u00e7a persistentes e altera\u00e7\u00f5es significativas na mobilidade e no funcionamento geral do organismo\u201d, explica.<\/p>\n<p>Os danos psicol\u00f3gicos figuram entre os mais severos. Muitas v\u00edtimas desenvolvem Transtorno de Estresse P\u00f3s-Traum\u00e1tico (TEPT), depress\u00e3o, ansiedade, dist\u00farbios do sono e transtornos alimentares. Al\u00e9m disso, h\u00e1 aumento do risco de abuso de subst\u00e2ncias e tentativas de suic\u00eddio.<\/p>\n<p><strong>O papel do ginecologista na identifica\u00e7\u00e3o e no acolhimento<\/strong><\/p>\n<p>A consulta ginecol\u00f3gica e obst\u00e9trica, por ser um momento de intimidade e confian\u00e7a, frequentemente se torna a \u00fanica oportunidade para que a mulher revele o abuso. Neste caso, \u00e9 papel do m\u00e9dico ficar atento aos sinais f\u00edsicos como &#8211; hematomas, les\u00f5es genitais, traumas cicatrizados e ISTs (Infec\u00e7\u00f5es Sexualmente Transmiss\u00edveis) recorrentes -, que devem acender um alerta. Da mesma forma, comportamentos como hesita\u00e7\u00e3o ao falar, ansiedade, tristeza profunda e a presen\u00e7a de um acompanhante controlador tamb\u00e9m podem indicar que a mulher est\u00e1 em situa\u00e7\u00e3o de viol\u00eancia.<\/p>\n<p>Para Dra. Aline, o compromisso do especialista vai al\u00e9m do diagn\u00f3stico t\u00e9cnico. \u201c\u00c9 fundamental que o ginecologista conduza o atendimento com sensibilidade, escuta ativa e postura n\u00e3o julgadora, garantindo um ambiente seguro para que a paciente possa se expressar e receber ajuda de forma qualificada\u201d, orienta.<\/p>\n<p>A viol\u00eancia sexual \u00e9 considerada uma emerg\u00eancia m\u00e9dica. O protocolo inclui profilaxia para ISTs e HIV &#8211; preferencialmente nas primeiras 72 horas -, contracep\u00e7\u00e3o de emerg\u00eancia, coleta de vest\u00edgios mediante consentimento e acolhimento psicol\u00f3gico e social. A notifica\u00e7\u00e3o compuls\u00f3ria \u00e9 obrigat\u00f3ria e essencial para subsidiar pol\u00edticas p\u00fablicas e aprimorar a rede de prote\u00e7\u00e3o.<\/p>\n<p>O acompanhamento, entretanto, n\u00e3o se encerra no atendimento emergencial. O cuidado multidisciplinar deve envolver ginecologista, psic\u00f3logo(a), assistente social e outros profissionais, garantindo suporte integral \u00e0 mulher.<\/p>\n<p>\u201cA recupera\u00e7\u00e3o demanda uma abordagem hol\u00edstica que una prote\u00e7\u00e3o, cuidado cl\u00ednico, apoio emocional e autonomia econ\u00f4mica. \u00c9 essa rede articulada que permite \u00e0 mulher reconstruir sua vida e ressignificar sua hist\u00f3ria\u201d, afirma Dra. Aline.<\/p>\n<p>O enfrentamento da viol\u00eancia contra a mulher exige pol\u00edticas p\u00fablicas eficientes, forma\u00e7\u00e3o cont\u00ednua de profissionais da sa\u00fade, campanhas de conscientiza\u00e7\u00e3o e o fortalecimento das redes de apoio. A cada atendimento qualificado, abre-se uma possibilidade real de romper o ciclo da viol\u00eancia e garantir que a v\u00edtima seja devidamente acolhida, protegida e acompanhada. Neste sentido, a FEBRASGO busca refor\u00e7ar a campanha <a href=\"https:\/\/www.febrasgo.org.br\/pt\/campanhas\/violencia-contra-a-mulher\" rel=\"nofollow noopener\" target=\"_blank\"><strong>#EuVejoVoc\u00ea \u2013 Pelo fim da viol\u00eancia contra a mulher<\/strong><\/a> com not\u00edcias, informativos, v\u00eddeos, lives e infogr\u00e1ficos para ampliar as discuss\u00e3o e fornecer informa\u00e7\u00f5es sobre o assunto.<\/p>\n","protected":false},"excerpt":{"rendered":"&#13; Mulheres expostas a agress\u00f5es t\u00eam maior probabilidade de enfrentar aborto &#13; &#13; 25\/11 \u00e9 o Dia Internacional&hellip;\n","protected":false},"author":2,"featured_media":164364,"comment_status":"","ping_status":"","sticky":false,"template":"","format":"standard","meta":{"footnotes":""},"categories":[86],"tags":[116,32,33,117],"class_list":{"0":"post-164363","1":"post","2":"type-post","3":"status-publish","4":"format-standard","5":"has-post-thumbnail","7":"category-saude","8":"tag-health","9":"tag-portugal","10":"tag-pt","11":"tag-saude"},"share_on_mastodon":{"url":"https:\/\/pubeurope.com\/@pt\/115608512728426198","error":""},"_links":{"self":[{"href":"https:\/\/www.europesays.com\/pt\/wp-json\/wp\/v2\/posts\/164363","targetHints":{"allow":["GET"]}}],"collection":[{"href":"https:\/\/www.europesays.com\/pt\/wp-json\/wp\/v2\/posts"}],"about":[{"href":"https:\/\/www.europesays.com\/pt\/wp-json\/wp\/v2\/types\/post"}],"author":[{"embeddable":true,"href":"https:\/\/www.europesays.com\/pt\/wp-json\/wp\/v2\/users\/2"}],"replies":[{"embeddable":true,"href":"https:\/\/www.europesays.com\/pt\/wp-json\/wp\/v2\/comments?post=164363"}],"version-history":[{"count":0,"href":"https:\/\/www.europesays.com\/pt\/wp-json\/wp\/v2\/posts\/164363\/revisions"}],"wp:featuredmedia":[{"embeddable":true,"href":"https:\/\/www.europesays.com\/pt\/wp-json\/wp\/v2\/media\/164364"}],"wp:attachment":[{"href":"https:\/\/www.europesays.com\/pt\/wp-json\/wp\/v2\/media?parent=164363"}],"wp:term":[{"taxonomy":"category","embeddable":true,"href":"https:\/\/www.europesays.com\/pt\/wp-json\/wp\/v2\/categories?post=164363"},{"taxonomy":"post_tag","embeddable":true,"href":"https:\/\/www.europesays.com\/pt\/wp-json\/wp\/v2\/tags?post=164363"}],"curies":[{"name":"wp","href":"https:\/\/api.w.org\/{rel}","templated":true}]}}