{"id":164365,"date":"2025-11-25T04:48:21","date_gmt":"2025-11-25T04:48:21","guid":{"rendered":"https:\/\/www.europesays.com\/pt\/164365\/"},"modified":"2025-11-25T04:48:21","modified_gmt":"2025-11-25T04:48:21","slug":"cotrim-diz-que-pressoes-para-desistir-vieram-de-apoiantes-de-marques-mendes-que-se-sentiram-autorizados-a-falar","status":"publish","type":"post","link":"https:\/\/www.europesays.com\/pt\/164365\/","title":{"rendered":"Cotrim diz que press\u00f5es para desistir vieram de &#8220;apoiantes de Marques Mendes que se sentiram autorizados&#8221; a falar"},"content":{"rendered":"<p>Jo\u00e3o Cotrim de Figueiredo diz que as <a href=\"https:\/\/expresso.pt\/politica\/eleicoes\/presidenciais-2026\/2025-11-20-cotrim-denuncia-pressoes-e-insinua-duvidas-nao-sei-se-os-comentarios-de-mendes-tinham-interesses-por-tras-0e93daf1-1?utm_source=expresso&amp;utm_medium=content&amp;utm_campaign=WEB&amp;utm_content=\/politica\/eleicoes\/presidenciais-2026\/2025-11-20-cotrim-denuncia-pressoes-e-insinua-duvidas-nao-sei-se-os-comentarios-de-mendes-tinham-interesses-por-tras-0e93daf1-1\" target=\"_blank\" rel=\"noopener noreferrer nofollow\">press\u00f5es<\/a> que revelou ter sentido por parte da candidatura de Marques Mendes para desistir partiram de &#8220;apoiantes seus que se sentiram autorizados ou \u00e0 vontade&#8221; para o pressionar. Mas voltou a n\u00e3o dizer a quem se refere. Tentando p\u00f4r fim ao caso que dura desde sexta-feira, Cotrim acrescenta que se Mendes diz que essas pessoas n\u00e3o estavam mandatadas para o fazer, ent\u00e3o &#8220;n\u00e3o h\u00e1 mais nada a dizer&#8221;. <\/p>\n<p><a href=\"https:\/\/expresso.pt\/subscrever?action=GEN&amp;channel=VID&amp;type=CAP&amp;source=WEB&amp;returnUrl=https:\/\/expresso.pt\/politica\/eleicoes\/presidenciais-2026\/2025-11-24-cotrim-diz-que-pressoes-para-desistir-vieram-de-apoiantes-de-marques-mendes-que-se-sentiram-autorizados-a-falar-f384d311&amp;utm_source=expresso&amp;utm_medium=locked_article&amp;locked=true&amp;article_id=16d2a269-de94-4680-89ea-c15ed1b79421&amp;author_id=Rita+Dinis&amp;category=Presidenciais+2026\" target=\"_self\" class=\"\" rel=\"nofollow noopener\">Subscrever<\/a>J\u00e1 \u00e9 Subscritor?Fa\u00e7a login e continue a ler<a href=\"http:\/\/expresso.pt\/codigo?redirectUrl=https:\/\/expresso.pt\/politica\/eleicoes\/presidenciais-2026\/2025-11-24-cotrim-diz-que-pressoes-para-desistir-vieram-de-apoiantes-de-marques-mendes-que-se-sentiram-autorizados-a-falar-f384d311\" target=\"_self\" class=\"\" rel=\"nofollow noopener\">Inserir C\u00f3digo<\/a>Comprou o Expresso?Insira o c\u00f3digo presente na Revista E para continuar a ler<\/p>\n","protected":false},"excerpt":{"rendered":"Jo\u00e3o Cotrim de Figueiredo diz que as press\u00f5es que revelou ter sentido por parte da candidatura de Marques&hellip;\n","protected":false},"author":2,"featured_media":164366,"comment_status":"","ping_status":"","sticky":false,"template":"","format":"standard","meta":{"footnotes":""},"categories":[10],"tags":[27,28,15,16,14,25,26,21,22,12,13,19,20,32,23,24,33,17,18,29,30,31],"class_list":{"0":"post-164365","1":"post","2":"type-post","3":"status-publish","4":"format-standard","5":"has-post-thumbnail","7":"category-portugal","8":"tag-breaking-news","9":"tag-breakingnews","10":"tag-featured-news","11":"tag-featurednews","12":"tag-headlines","13":"tag-latest-news","14":"tag-latestnews","15":"tag-main-news","16":"tag-mainnews","17":"tag-news","18":"tag-noticias","19":"tag-noticias-principais","20":"tag-noticiasprincipais","21":"tag-portugal","22":"tag-principais-noticias","23":"tag-principaisnoticias","24":"tag-pt","25":"tag-top-stories","26":"tag-topstories","27":"tag-ultimas","28":"tag-ultimas-noticias","29":"tag-ultimasnoticias"},"share_on_mastodon":{"url":"https:\/\/pubeurope.com\/@pt\/115608531938909700","error":""},"_links":{"self":[{"href":"https:\/\/www.europesays.com\/pt\/wp-json\/wp\/v2\/posts\/164365","targetHints":{"allow":["GET"]}}],"collection":[{"href":"https:\/\/www.europesays.com\/pt\/wp-json\/wp\/v2\/posts"}],"about":[{"href":"https:\/\/www.europesays.com\/pt\/wp-json\/wp\/v2\/types\/post"}],"author":[{"embeddable":true,"href":"https:\/\/www.europesays.com\/pt\/wp-json\/wp\/v2\/users\/2"}],"replies":[{"embeddable":true,"href":"https:\/\/www.europesays.com\/pt\/wp-json\/wp\/v2\/comments?post=164365"}],"version-history":[{"count":0,"href":"https:\/\/www.europesays.com\/pt\/wp-json\/wp\/v2\/posts\/164365\/revisions"}],"wp:featuredmedia":[{"embeddable":true,"href":"https:\/\/www.europesays.com\/pt\/wp-json\/wp\/v2\/media\/164366"}],"wp:attachment":[{"href":"https:\/\/www.europesays.com\/pt\/wp-json\/wp\/v2\/media?parent=164365"}],"wp:term":[{"taxonomy":"category","embeddable":true,"href":"https:\/\/www.europesays.com\/pt\/wp-json\/wp\/v2\/categories?post=164365"},{"taxonomy":"post_tag","embeddable":true,"href":"https:\/\/www.europesays.com\/pt\/wp-json\/wp\/v2\/tags?post=164365"}],"curies":[{"name":"wp","href":"https:\/\/api.w.org\/{rel}","templated":true}]}}