{"id":164371,"date":"2025-11-25T04:57:08","date_gmt":"2025-11-25T04:57:08","guid":{"rendered":"https:\/\/www.europesays.com\/pt\/164371\/"},"modified":"2025-11-25T04:57:08","modified_gmt":"2025-11-25T04:57:08","slug":"a-urgencia-de-uma-rede-nacional-de-espirometrias","status":"publish","type":"post","link":"https:\/\/www.europesays.com\/pt\/164371\/","title":{"rendered":"a urg\u00eancia de uma rede nacional de espirometrias"},"content":{"rendered":"\n<p>No caso da Doen\u00e7a Pulmonar Obstrutiva Cr\u00f3nica (DPOC), que afeta cerca de 800 mil portugueses e que \u00e9 uma das maiores causas de incapacidade e mortalidade no nosso pa\u00eds e no mundo, esse diagn\u00f3stico faz-se atrav\u00e9s de um exame simples e r\u00e1pido, que mede a fun\u00e7\u00e3o pulmonar: a espirometria. Trata-se da \u00fanica forma de confirmar o diagn\u00f3stico e adequar o melhor tratamento. Mas a realidade \u00e9 que, em Portugal, este passo essencial n\u00e3o \u00e9 dado.<\/p>\n<p>Tendo em conta o impacto, que a realiza\u00e7\u00e3o deste exame ter\u00e1 na qualidade de vida dos doentes, torna-se dif\u00edcil perceber o que motiva o facto de, na maioria dos centros de sa\u00fade portugueses, a espirometria n\u00e3o ser feita de forma sistem\u00e1tica.<\/p>\n<p>Poderiam usar-se, aqui, os argumentos do costume: que n\u00e3o h\u00e1 equipamento para o efeito, ou que faltam verbas ou que n\u00e3o h\u00e1 profissionais qualificados para a sua prescri\u00e7\u00e3o, realiza\u00e7\u00e3o ou valida\u00e7\u00e3o. Mas nenhuma destas raz\u00f5es explicam o que se passa. N\u00e3o s\u00f3 h\u00e1 espir\u00f3metros &#8211; as m\u00e1quinas que realizam espirometrias &#8211; fechados em arm\u00e1rios, como a quest\u00e3o do dinheiro tamb\u00e9m n\u00e3o se aplica, j\u00e1 que o Plano de Recupera\u00e7\u00e3o e Resili\u00eancia (PRR) tem previsto e prev\u00ea neste momento a possibilidade de todas as Unidades Locais de Sa\u00fade (ULS) adquirirem estes equipamentos.<\/p>\n<p>O que est\u00e1 aqui em causa n\u00e3o mais \u00e9 do que uma clara falta de organiza\u00e7\u00e3o e de coordena\u00e7\u00e3o, que p\u00f5e em causa o diagn\u00f3stico atempado da DPOC, j\u00e1 que 70% dos casos continuam sem diagn\u00f3stico, e o melhor acompanhamento de outras doen\u00e7as respirat\u00f3rias cr\u00f3nicas, o que se traduz em pessoas obrigadas a viver, diariamente, com falta de ar, impedidas de dar o seu contributo para a sociedade e transformadas em consumidores de recursos preciosos, fruto do agravamento da doen\u00e7a, que implica hospitaliza\u00e7\u00f5es e gastos que poderiam ser evitados.<\/p>\n<p>Ao contr\u00e1rio do que acontece com outras doen\u00e7as, como a diabetes ou a hipertens\u00e3o, em que existe uma consci\u00eancia clara da import\u00e2ncia da monitoriza\u00e7\u00e3o, na DPOC n\u00e3o existe ainda esta valoriza\u00e7\u00e3o sobre a import\u00e2ncia e a necessidade de uma avalia\u00e7\u00e3o precoce e continuada da fun\u00e7\u00e3o respirat\u00f3ria dos doentes.<\/p>\n<p>O que se pede n\u00e3o \u00e9 uma revolu\u00e7\u00e3o no sistema, mas apenas que passe a ser dada \u00e0 DPOC a import\u00e2ncia que lhe \u00e9 devida, sobretudo tendo em conta o seu impacto. O que se pede \u00e9 que possa ser implementada uma verdadeira rede nacional de espirometrias, para a qual estudos j\u00e1 revelaram bastantes benef\u00edcios: menos hospitaliza\u00e7\u00f5es e mais diagn\u00f3sticos precoces, o que, por sua vez, proporcionaria n\u00e3o s\u00f3 ganhos em sa\u00fade, mas tamb\u00e9m ganhos econ\u00f3micos para o sistema, com impacto na sa\u00fade p\u00fablica.<\/p>\n<p>Para quem vive com DPOC, trata-se apenas de garantir acesso a algo que t\u00eam direito: ao acompanhamento digno e eficaz da sua sa\u00fade respirat\u00f3ria e a uma monitoriza\u00e7\u00e3o que previne agravamentos e salva vidas.<\/p>\n<p>Neste m\u00eas de Sensibiliza\u00e7\u00e3o para a DPOC, a RESPIRA refor\u00e7a o seu compromisso com os doentes, o que significa a total abertura para um di\u00e1logo essencial com as entidades de sa\u00fade, no sentido de criar as condi\u00e7\u00f5es para acompanhar quem vive com esta doen\u00e7a. Porque se n\u00e3o existe falta de meios, nem falta de verbas, ent\u00e3o o que falta \u00e9 mesmo a\u00e7\u00e3o e coordena\u00e7\u00e3o, para transformar compromissos em medidas concretas que mudem vidas e tragam ganhos reais em sa\u00fade.<\/p>\n<p style=\"text-align: right;\"><strong>Jos\u00e9 Albino, presidente da RESPIRA, Associa\u00e7\u00e3o Portuguesa de Pessoas com DPOC e outras Doen\u00e7as Respirat\u00f3rias Cr\u00f3nicas<\/strong><\/p>\n","protected":false},"excerpt":{"rendered":"No caso da Doen\u00e7a Pulmonar Obstrutiva Cr\u00f3nica (DPOC), que afeta cerca de 800 mil portugueses e que \u00e9&hellip;\n","protected":false},"author":2,"featured_media":164372,"comment_status":"","ping_status":"","sticky":false,"template":"","format":"standard","meta":{"footnotes":""},"categories":[86],"tags":[116,32,33,117],"class_list":{"0":"post-164371","1":"post","2":"type-post","3":"status-publish","4":"format-standard","5":"has-post-thumbnail","7":"category-saude","8":"tag-health","9":"tag-portugal","10":"tag-pt","11":"tag-saude"},"share_on_mastodon":{"url":"https:\/\/pubeurope.com\/@pt\/115608567363569310","error":""},"_links":{"self":[{"href":"https:\/\/www.europesays.com\/pt\/wp-json\/wp\/v2\/posts\/164371","targetHints":{"allow":["GET"]}}],"collection":[{"href":"https:\/\/www.europesays.com\/pt\/wp-json\/wp\/v2\/posts"}],"about":[{"href":"https:\/\/www.europesays.com\/pt\/wp-json\/wp\/v2\/types\/post"}],"author":[{"embeddable":true,"href":"https:\/\/www.europesays.com\/pt\/wp-json\/wp\/v2\/users\/2"}],"replies":[{"embeddable":true,"href":"https:\/\/www.europesays.com\/pt\/wp-json\/wp\/v2\/comments?post=164371"}],"version-history":[{"count":0,"href":"https:\/\/www.europesays.com\/pt\/wp-json\/wp\/v2\/posts\/164371\/revisions"}],"wp:featuredmedia":[{"embeddable":true,"href":"https:\/\/www.europesays.com\/pt\/wp-json\/wp\/v2\/media\/164372"}],"wp:attachment":[{"href":"https:\/\/www.europesays.com\/pt\/wp-json\/wp\/v2\/media?parent=164371"}],"wp:term":[{"taxonomy":"category","embeddable":true,"href":"https:\/\/www.europesays.com\/pt\/wp-json\/wp\/v2\/categories?post=164371"},{"taxonomy":"post_tag","embeddable":true,"href":"https:\/\/www.europesays.com\/pt\/wp-json\/wp\/v2\/tags?post=164371"}],"curies":[{"name":"wp","href":"https:\/\/api.w.org\/{rel}","templated":true}]}}