{"id":164373,"date":"2025-11-25T05:04:16","date_gmt":"2025-11-25T05:04:16","guid":{"rendered":"https:\/\/www.europesays.com\/pt\/164373\/"},"modified":"2025-11-25T05:04:16","modified_gmt":"2025-11-25T05:04:16","slug":"apos-noticias-de-separacao-liliana-filipa-recarrega-baterias-com-companhia-especial","status":"publish","type":"post","link":"https:\/\/www.europesays.com\/pt\/164373\/","title":{"rendered":"Ap\u00f3s not\u00edcias de separa\u00e7\u00e3o, Liliana Filipa &#8216;recarrega baterias&#8217; com companhia especial"},"content":{"rendered":"<p data-end=\"571\" data-start=\"0\">Ap\u00f3s as not\u00edcias de uma poss\u00edvel separa\u00e7\u00e3o, <strong data-end=\"62\" data-start=\"44\">Liliana Filipa<\/strong> partilhou no seu Instagram fotos emocionantes em que aparece com o filho, <strong data-end=\"149\" data-start=\"137\">Santiago<\/strong>, demonstrando estar a \u201crecarregar baterias\u201d num momento \u00edntimo e sereno: \u00abBaterias carregadas, num fim de semana de filho \u00fanico com tudo aquilo a que tivemos direito, num cantinho m\u00e1gico de Portugal\n<\/p>\n<p data-end=\"1226\" data-start=\"573\">Esta partilha surge num contexto turbulento: recentemente, tornou-se p\u00fablica a divulga\u00e7\u00e3o de <a href=\"https:\/\/tvi.iol.pt\/vmais\/videos\/as-imagens-da-traicao-esta-e-a-mulher-com-quem-daniel-gregorio-traiu-liliana-filipa\/69132aa90cf229bd2f8d43a9\" target=\"_blank\" rel=\"nofollow noopener\">um v\u00eddeo que mostra <strong data-end=\"705\" data-start=\"686\">Daniel Greg\u00f3rio<\/strong>\u00a0em clima \u00edntimo com outra mulher<\/a> numa discoteca no Algarve. Segundo noticiado, o momento gerou ondas de choque, com muitos seguidores a defenderem Liliana e a aplaudirem a sua for\u00e7a. Por sua vez, segundo avan\u00e7ado por <strong data-end=\"1068\" data-start=\"1043\">Adriano Silva Martins<\/strong> no programa <strong><a href=\"https:\/\/tvi.iol.pt\/vmais\/programa\/v-fama\/66aa431ed34ea1acf26cda0d\" target=\"_blank\" rel=\"nofollow noopener\">V+ Fama<\/a><\/strong>, Daniel ter\u00e1 sa\u00eddo de casa na semana passada, refor\u00e7ando os rumores de rutura efetiva no casal, que estava junto h\u00e1 cerca de uma d\u00e9cada.<\/p>\n<p data-end=\"1478\" data-start=\"1228\">Este epis\u00f3dio marca um ponto de viragem para Liliana Filipa: mais do que enfrentar uma trai\u00e7\u00e3o, ela est\u00e1 a aproveitar este momento para cuidar da sua rela\u00e7\u00e3o mais preciosa &#8211; a maternidade &#8211; e refor\u00e7ar o compromisso consigo mesma e com os seus filhos.<\/p>\n<p data-end=\"1478\" data-start=\"1228\">Recorde-se que, entretanto, a ex-concorrente do Secret Story quebrou o sil\u00eancio, agradecendo o apoio que tem recebido e garantido que \u00abForam dias de muitas emo\u00e7\u00f5es e decis\u00f5es dif\u00edceis. Decis\u00f5es que, por mais duras que sejam, j\u00e1 foram tomadas\u00bb.<\/p>\n<p>Veja as fotos partilhadas, na galeria em cima.<\/p>\n","protected":false},"excerpt":{"rendered":"Ap\u00f3s as not\u00edcias de uma poss\u00edvel separa\u00e7\u00e3o, Liliana Filipa partilhou no seu Instagram fotos emocionantes em que aparece&hellip;\n","protected":false},"author":2,"featured_media":164374,"comment_status":"","ping_status":"","sticky":false,"template":"","format":"standard","meta":{"footnotes":""},"categories":[145],"tags":[73,72,66,211,210,9679,114,115,77,69,3436,75,71,67,32,33,76,74,1509,70,35,78,68],"class_list":{"0":"post-164373","1":"post","2":"type-post","3":"status-publish","4":"format-standard","5":"has-post-thumbnail","7":"category-celebridades","8":"tag-a-jornada","9":"tag-bate-bola","10":"tag-bom-dia-alegria","11":"tag-celebridades","12":"tag-celebrities","13":"tag-daniel-gregorio","14":"tag-entertainment","15":"tag-entretenimento","16":"tag-estudio-estadio","17":"tag-fanaticos","18":"tag-liliana-filipa","19":"tag-livre-e-direto","20":"tag-nova-geracao","21":"tag-para-si","22":"tag-portugal","23":"tag-pt","24":"tag-segredos-do-prazer","25":"tag-segue-o-jogo","26":"tag-separacao","27":"tag-super-craques","28":"tag-transferencias","29":"tag-v-fama","30":"tag-var-aberto"},"share_on_mastodon":{"url":"https:\/\/pubeurope.com\/@pt\/115608594895871467","error":""},"_links":{"self":[{"href":"https:\/\/www.europesays.com\/pt\/wp-json\/wp\/v2\/posts\/164373","targetHints":{"allow":["GET"]}}],"collection":[{"href":"https:\/\/www.europesays.com\/pt\/wp-json\/wp\/v2\/posts"}],"about":[{"href":"https:\/\/www.europesays.com\/pt\/wp-json\/wp\/v2\/types\/post"}],"author":[{"embeddable":true,"href":"https:\/\/www.europesays.com\/pt\/wp-json\/wp\/v2\/users\/2"}],"replies":[{"embeddable":true,"href":"https:\/\/www.europesays.com\/pt\/wp-json\/wp\/v2\/comments?post=164373"}],"version-history":[{"count":0,"href":"https:\/\/www.europesays.com\/pt\/wp-json\/wp\/v2\/posts\/164373\/revisions"}],"wp:featuredmedia":[{"embeddable":true,"href":"https:\/\/www.europesays.com\/pt\/wp-json\/wp\/v2\/media\/164374"}],"wp:attachment":[{"href":"https:\/\/www.europesays.com\/pt\/wp-json\/wp\/v2\/media?parent=164373"}],"wp:term":[{"taxonomy":"category","embeddable":true,"href":"https:\/\/www.europesays.com\/pt\/wp-json\/wp\/v2\/categories?post=164373"},{"taxonomy":"post_tag","embeddable":true,"href":"https:\/\/www.europesays.com\/pt\/wp-json\/wp\/v2\/tags?post=164373"}],"curies":[{"name":"wp","href":"https:\/\/api.w.org\/{rel}","templated":true}]}}