{"id":164377,"date":"2025-11-25T05:18:10","date_gmt":"2025-11-25T05:18:10","guid":{"rendered":"https:\/\/www.europesays.com\/pt\/164377\/"},"modified":"2025-11-25T05:18:10","modified_gmt":"2025-11-25T05:18:10","slug":"filha-de-noel-gallagher-exalta-turne-do-oasis-apos-shows-no-brasil","status":"publish","type":"post","link":"https:\/\/www.europesays.com\/pt\/164377\/","title":{"rendered":"Filha de Noel Gallagher exalta turn\u00ea do Oasis ap\u00f3s shows no Brasil"},"content":{"rendered":"<p class=\"my-5 break-words group-[.isActiveSource]:text-xl\">Os shows do Oasis no Brasil, que encerraram a turn\u00ea &#8220;Live \u201925&#8221; no domingo (23), em S\u00e3o Paulo, deixaram uma marca especial em quem acompanhou de perto a reuni\u00e3o hist\u00f3rica da banda &#8211; entre eles Ana\u00efs Gallagher, 25, filha d\u200be Noel Gallagher, 58. A fot\u00f3grafa afirmou que o per\u00edodo na estrada foi <strong class=\"group-[.isActiveSource]:text-xl group-[.isActiveSource]:font-bold\">&#8220;o melhor ano&#8221; de sua vida<\/strong>.<\/p>\n<p class=\"my-5 break-words group-[.isActiveSource]:text-xl\">Ana\u00efs\u200b acompanhou o pai e o tio, Liam Gallagher, 53, desde o reencontro no palco em 4 de julho, em Cardiff, no Pa\u00eds de Gales. Presente em apresenta\u00e7\u00f5es em Manchester, Londres, Edimburgo e Dublin, a jovem tamb\u00e9m celebrou no Brasil o <a href=\"https:\/\/www.cnnbrasil.com.br\/entretenimento\/oasis-encerra-turne-no-brasil-web-reage-aos-shows-em-sp\/\" class=\"text-red-600 underline hover:text-red-500 font-medium break-words group-[.isActiveSource]:text-xl\" target=\"_self\" rel=\"nofollow noopener\">desfecho de uma turn\u00ea<\/a> que, at\u00e9 pouco tempo atr\u00e1s, parecia improv\u00e1vel, ap\u00f3s 15 anos de afastamento entre os irm\u00e3os.<\/p>\n<p class=\"my-5 break-words group-[.isActiveSource]:text-xl\">A tamb\u00e9m modelo compartilhou uma s\u00e9rie de fotos e v\u00eddeos nas redes sociais. &#8220;O melhor ano da minha vida, vivido com as melhores pessoas, embalado pela melhor banda. O que antes parecia imposs\u00edvel se tornou poss\u00edvel. 41 shows. 142 dias. Uma vida inteira de mem\u00f3rias&#8221;, come\u00e7ou ela.<\/p>\n<p class=\"my-5 break-words group-[.isActiveSource]:text-xl\">&#8220;Meu maior agradecimento a todos que fizeram tudo isso acontecer: pai, tio Liam, Bonehead, Gem, Andy, Joey, Christian, Debbie, Kat, Amy, Angus, Alec, Marcus, Steve, Dan, Josh, vov\u00f3, Lennon, Gene, Donovan, Sonny, Molly, Zion &#8211; e, claro, cada um de voc\u00eas, f***** lindos, que vieram, cantaram, choraram e vibraram conosco. Eu amo voc\u00eas, Oasis. Eu amo voc\u00eas, Live 25. Mas, acima de tudo, eu AMO voc\u00eas, Gallaghers. E, pela \u00faltima vez: \u2018Isso \u00e9 rock \u2019n\u2019 roll, baby'&#8221;, finalizou.<\/p>\n<p class=\"my-5 break-words group-[.isActiveSource]:text-xl\">Em entrevista recente ao especial &#8220;Mad For Oasis&#8221;, da BBC Radio Manchester, Ana\u00efs relatou que assumiu o papel de anfitri\u00e3 nos bastidores da turn\u00ea, garantindo que amigos e familiares convidados estivessem confort\u00e1veis.<\/p>\n<p class=\"my-5 break-words group-[.isActiveSource]:text-xl\">&#8220;O que mais cansa \u00e9 a quantidade de pessoas com quem preciso falar. Sou uma boa filha, uma boa anfitri\u00e3. Quero garantir que todos estejam nos lugares certos, com um drink na m\u00e3o, sabendo onde ficam as sa\u00eddas de emerg\u00eancia. Mas isso pode ser um pouco exaustivo&#8221;, confessou.<\/p>\n","protected":false},"excerpt":{"rendered":"Os shows do Oasis no Brasil, que encerraram a turn\u00ea &#8220;Live \u201925&#8221; no domingo (23), em S\u00e3o Paulo,&hellip;\n","protected":false},"author":2,"featured_media":164378,"comment_status":"","ping_status":"","sticky":false,"template":"","format":"standard","meta":{"footnotes":""},"categories":[145],"tags":[211,210,114,115,32,33],"class_list":{"0":"post-164377","1":"post","2":"type-post","3":"status-publish","4":"format-standard","5":"has-post-thumbnail","7":"category-celebridades","8":"tag-celebridades","9":"tag-celebrities","10":"tag-entertainment","11":"tag-entretenimento","12":"tag-portugal","13":"tag-pt"},"share_on_mastodon":{"url":"https:\/\/pubeurope.com\/@pt\/115608649978368024","error":""},"_links":{"self":[{"href":"https:\/\/www.europesays.com\/pt\/wp-json\/wp\/v2\/posts\/164377","targetHints":{"allow":["GET"]}}],"collection":[{"href":"https:\/\/www.europesays.com\/pt\/wp-json\/wp\/v2\/posts"}],"about":[{"href":"https:\/\/www.europesays.com\/pt\/wp-json\/wp\/v2\/types\/post"}],"author":[{"embeddable":true,"href":"https:\/\/www.europesays.com\/pt\/wp-json\/wp\/v2\/users\/2"}],"replies":[{"embeddable":true,"href":"https:\/\/www.europesays.com\/pt\/wp-json\/wp\/v2\/comments?post=164377"}],"version-history":[{"count":0,"href":"https:\/\/www.europesays.com\/pt\/wp-json\/wp\/v2\/posts\/164377\/revisions"}],"wp:featuredmedia":[{"embeddable":true,"href":"https:\/\/www.europesays.com\/pt\/wp-json\/wp\/v2\/media\/164378"}],"wp:attachment":[{"href":"https:\/\/www.europesays.com\/pt\/wp-json\/wp\/v2\/media?parent=164377"}],"wp:term":[{"taxonomy":"category","embeddable":true,"href":"https:\/\/www.europesays.com\/pt\/wp-json\/wp\/v2\/categories?post=164377"},{"taxonomy":"post_tag","embeddable":true,"href":"https:\/\/www.europesays.com\/pt\/wp-json\/wp\/v2\/tags?post=164377"}],"curies":[{"name":"wp","href":"https:\/\/api.w.org\/{rel}","templated":true}]}}