{"id":164386,"date":"2025-11-25T05:48:12","date_gmt":"2025-11-25T05:48:12","guid":{"rendered":"https:\/\/www.europesays.com\/pt\/164386\/"},"modified":"2025-11-25T05:48:12","modified_gmt":"2025-11-25T05:48:12","slug":"a-recuperar-de-avc-nuno-markl-ja-deixou-os-cuidados-intensivos","status":"publish","type":"post","link":"https:\/\/www.europesays.com\/pt\/164386\/","title":{"rendered":"A recuperar de AVC, Nuno Markl j\u00e1 deixou os cuidados intensivos"},"content":{"rendered":"<blockquote data-type=\"articles\" data-id=\"related-article-18023518\"><p>\n              <strong>Leia tamb\u00e9m <\/strong><br \/>\n              <a href=\"https:\/\/www.ojogo.pt\/modalidades\/artigo\/sporting-nao-fez-qualquer-proposta-por-diogo-rema\/18023518\" rel=\"nofollow noopener\" target=\"_blank\">Sporting n\u00e3o fez qualquer proposta por Diogo R\u00eama<\/a>\n            <\/p><\/blockquote>\n<p>A recuperar de um AVC, Nuno Markl j\u00e1 deixou os cuidados intensivos, continuando internado no Hospital de S\u00e3o Francisco Xavier, onde deu entrada na noite da passada quinta-feira, 20 de novembro.<\/p>\n<p>Recorde-se que, na manh\u00e3 desta segunda-feira, o humorista revelou que j\u00e1 recuperou o controlo do bra\u00e7o esquerdo, continuando a melhorar a cada dia que passa.<\/p>\n<p>Mais tarde, recorreu novamente \u00e0s redes sociais para agradecer toda a onda de carinho que tem recebido.<\/p>\n","protected":false},"excerpt":{"rendered":"Leia tamb\u00e9m Sporting n\u00e3o fez qualquer proposta por Diogo R\u00eama A recuperar de um AVC, Nuno Markl j\u00e1&hellip;\n","protected":false},"author":2,"featured_media":164387,"comment_status":"","ping_status":"","sticky":false,"template":"","format":"standard","meta":{"footnotes":""},"categories":[145],"tags":[211,210,114,115,20987,11435,32,33],"class_list":{"0":"post-164386","1":"post","2":"type-post","3":"status-publish","4":"format-standard","5":"has-post-thumbnail","7":"category-celebridades","8":"tag-celebridades","9":"tag-celebrities","10":"tag-entertainment","11":"tag-entretenimento","12":"tag-extra","13":"tag-nuno-markl","14":"tag-portugal","15":"tag-pt"},"share_on_mastodon":{"url":"https:\/\/pubeurope.com\/@pt\/115608767926025479","error":""},"_links":{"self":[{"href":"https:\/\/www.europesays.com\/pt\/wp-json\/wp\/v2\/posts\/164386","targetHints":{"allow":["GET"]}}],"collection":[{"href":"https:\/\/www.europesays.com\/pt\/wp-json\/wp\/v2\/posts"}],"about":[{"href":"https:\/\/www.europesays.com\/pt\/wp-json\/wp\/v2\/types\/post"}],"author":[{"embeddable":true,"href":"https:\/\/www.europesays.com\/pt\/wp-json\/wp\/v2\/users\/2"}],"replies":[{"embeddable":true,"href":"https:\/\/www.europesays.com\/pt\/wp-json\/wp\/v2\/comments?post=164386"}],"version-history":[{"count":0,"href":"https:\/\/www.europesays.com\/pt\/wp-json\/wp\/v2\/posts\/164386\/revisions"}],"wp:featuredmedia":[{"embeddable":true,"href":"https:\/\/www.europesays.com\/pt\/wp-json\/wp\/v2\/media\/164387"}],"wp:attachment":[{"href":"https:\/\/www.europesays.com\/pt\/wp-json\/wp\/v2\/media?parent=164386"}],"wp:term":[{"taxonomy":"category","embeddable":true,"href":"https:\/\/www.europesays.com\/pt\/wp-json\/wp\/v2\/categories?post=164386"},{"taxonomy":"post_tag","embeddable":true,"href":"https:\/\/www.europesays.com\/pt\/wp-json\/wp\/v2\/tags?post=164386"}],"curies":[{"name":"wp","href":"https:\/\/api.w.org\/{rel}","templated":true}]}}