{"id":164406,"date":"2025-11-25T06:30:10","date_gmt":"2025-11-25T06:30:10","guid":{"rendered":"https:\/\/www.europesays.com\/pt\/164406\/"},"modified":"2025-11-25T06:30:10","modified_gmt":"2025-11-25T06:30:10","slug":"esposa-de-roberto-justus-assusta-a-mae-com-conta-de-r-60-mil-em-viagem","status":"publish","type":"post","link":"https:\/\/www.europesays.com\/pt\/164406\/","title":{"rendered":"Esposa de Roberto Justus assusta a m\u00e3e com conta de R$ 60 mil em viagem"},"content":{"rendered":"\n<p>A socialite Ana Paula Siebert, de 37 anos, assustou a m\u00e3e, In\u00eas Boeing, ao brincar sobre o valor do aluguel de um carro particular durante uma viagem pela \u00c1frica Oriental.<\/p>\n<p>Ao desembarcar em Massai Mara, em Nair\u00f3bi, no domingo, 23, Ana Paula, a m\u00e3e e sua equipe foram recebidos com um coquetel contratado pelo hotel Ritz, rede de luxo famosa no mundo inteiro. Em seguida, embarcaram em um carro associado \u00e0 rede hoteleira para seguir at\u00e9 as acomoda\u00e7\u00f5es. Dentro do ve\u00edculo, Ana resolveu brincar com a m\u00e3e sobre o valor do servi\u00e7o.<\/p>\n<p>\u201cAcha que \u00e9 barato? Cada lugar aqui [no carro] custa US$ 10 mil [aproximadamente R$ 60 mil na cota\u00e7\u00e3o atual]\u201d, disse ela, causando um susto em In\u00eas. \u201cE cada um vai pagar sua parte, n\u00e9?\u201d, continuou a socialite. \u201cBom, ent\u00e3o vou ficar por aqui\u201d, respondeu a m\u00e3e. Logo depois, Ana Paula explicou que tudo n\u00e3o passava de uma brincadeira para \u201ctrolar\u201d In\u00eas.<\/p>\n<p>Antes disso, Ana Paula, a m\u00e3e e a equipe j\u00e1 haviam passado alguns dias em um resort &amp; saf\u00e1ri em Koitobos Road, onde ficaram hospedados em uma estalagem e tiveram contato pr\u00f3ximo com girafas.<\/p>\n<p><strong>Casamento<\/strong><\/p>\n<p>Ana Paula Siebert \u00e9 casada com Roberto Justus, de 70 anos. A diferen\u00e7a de idade entre eles \u00e9 de 33 anos.<\/p>\n<p>Segundo o empres\u00e1rio, essa diferen\u00e7a foi motivo de questionamentos de amigos no in\u00edcio do relacionamento. \u201cEra a primeira viagem nossa para os Estados Unidos, e um grande amigo meu falou para ela: \u2018Cuidado, viu, Paula, porque quando voc\u00ea envelhecer, ele te troca por uma mais nova\u2019. E ela respondeu: \u2018Desculpe, querido, mas isso n\u00e3o vai acontecer. Porque quando eu envelhecer, ele j\u00e1 vai ter morrido\u2019\u201d, contou Justus no podcast Pod Delas, em agosto de 2025.<\/p>\n<p>O empres\u00e1rio confirmou a brincadeira: \u201cMas \u00e9 verdade. N\u00f3s temos 33 anos de diferen\u00e7a\u201d. Ana Paula, que tamb\u00e9m participava da entrevista, completou em tom bem-humorado: \u201cA minha responsabilidade com ele \u00e9 at\u00e9 os 90. Depois dos 90, eu vou entregar para os filhos.\u201d<\/p>\n<p>Ana Paula e Justus s\u00e3o pais de Vicky, de 5 anos. O empres\u00e1rio tem outros quatro filhos al\u00e9m da ca\u00e7ula: Ricardo Justus, de 42, e Fabiana Justus, de 39, ambos do casamento com Sacha Chryzman; Luiza Justus, de 32, fruto da rela\u00e7\u00e3o com Gisela Prochaska; e Rafa Justus, de 16, do relacionamento com Ticiane Pinheiro.<\/p>\n","protected":false},"excerpt":{"rendered":"A socialite Ana Paula Siebert, de 37 anos, assustou a m\u00e3e, In\u00eas Boeing, ao brincar sobre o valor&hellip;\n","protected":false},"author":2,"featured_media":164407,"comment_status":"","ping_status":"","sticky":false,"template":"","format":"standard","meta":{"footnotes":""},"categories":[145],"tags":[6070,9681,3981,211,210,34812,114,115,235,1870,34814,34818,34816,34817,34820,34813,803,32,33,1978,34815,9680,14921,22916,4787,34819],"class_list":{"0":"post-164406","1":"post","2":"type-post","3":"status-publish","4":"format-standard","5":"has-post-thumbnail","7":"category-celebridades","8":"tag-aluguel","9":"tag-ana-paula-siebert","10":"tag-carro","11":"tag-celebridades","12":"tag-celebrities","13":"tag-diferenca","14":"tag-entertainment","15":"tag-entretenimento","16":"tag-estados-unidos","17":"tag-filhos","18":"tag-girafas","19":"tag-gisela-prochaska","20":"tag-ines-boeing","21":"tag-koitobos-road","22":"tag-massai-mara","23":"tag-nairobi","24":"tag-podcast","25":"tag-portugal","26":"tag-pt","27":"tag-relacionamento","28":"tag-ritz","29":"tag-roberto-justus","30":"tag-sacha-chryzman","31":"tag-safari","32":"tag-ticiane-pinheiro","33":"tag-vicky"},"share_on_mastodon":{"url":"https:\/\/pubeurope.com\/@pt\/115608933084839491","error":""},"_links":{"self":[{"href":"https:\/\/www.europesays.com\/pt\/wp-json\/wp\/v2\/posts\/164406","targetHints":{"allow":["GET"]}}],"collection":[{"href":"https:\/\/www.europesays.com\/pt\/wp-json\/wp\/v2\/posts"}],"about":[{"href":"https:\/\/www.europesays.com\/pt\/wp-json\/wp\/v2\/types\/post"}],"author":[{"embeddable":true,"href":"https:\/\/www.europesays.com\/pt\/wp-json\/wp\/v2\/users\/2"}],"replies":[{"embeddable":true,"href":"https:\/\/www.europesays.com\/pt\/wp-json\/wp\/v2\/comments?post=164406"}],"version-history":[{"count":0,"href":"https:\/\/www.europesays.com\/pt\/wp-json\/wp\/v2\/posts\/164406\/revisions"}],"wp:featuredmedia":[{"embeddable":true,"href":"https:\/\/www.europesays.com\/pt\/wp-json\/wp\/v2\/media\/164407"}],"wp:attachment":[{"href":"https:\/\/www.europesays.com\/pt\/wp-json\/wp\/v2\/media?parent=164406"}],"wp:term":[{"taxonomy":"category","embeddable":true,"href":"https:\/\/www.europesays.com\/pt\/wp-json\/wp\/v2\/categories?post=164406"},{"taxonomy":"post_tag","embeddable":true,"href":"https:\/\/www.europesays.com\/pt\/wp-json\/wp\/v2\/tags?post=164406"}],"curies":[{"name":"wp","href":"https:\/\/api.w.org\/{rel}","templated":true}]}}