{"id":164436,"date":"2025-11-25T08:05:07","date_gmt":"2025-11-25T08:05:07","guid":{"rendered":"https:\/\/www.europesays.com\/pt\/164436\/"},"modified":"2025-11-25T08:05:07","modified_gmt":"2025-11-25T08:05:07","slug":"ingratidao-gominho-revela-que-nao-vai-usar-diamante-feito-com-cinzas-da-preta-gil-terra","status":"publish","type":"post","link":"https:\/\/www.europesays.com\/pt\/164436\/","title":{"rendered":"Ingratid\u00e3o? Gominho revela que n\u00e3o vai usar diamante feito com cinzas da Preta Gil &#8211; Terra"},"content":{"rendered":"<ol>\n<li><a href=\"https:\/\/news.google.com\/rss\/articles\/CBMi-wFBVV95cUxOSTRsSG9rU1V5VGlXOGNUaFV6eUphZ09KMS1YZHFSZ29aaWZXOVplQl9UWjd4SVNERHFOMVg2TWVBWXg3eXBOYlpYSHBxLU9TWUMyNlZmdmY1ZURBZDNKQjlJTkkxeTFrd0dXVndVUkMzc0NWaW96LVpxWEVpMGZ6SkNjM2pHYnlXZFo2R2FwME5GQUxKMm9iV0N3RjFjblVwTU14RlRlblBqRVc0Z0pPSnFVZEFrUzlCQTFfMjdTbm8yWXhwV0tnNnE3QWk0M2tfTWJZWWxJaGlwdTFNWjk2VEtNVlducWVtWVFkUlJ6YUJzMG1oakJSdmtmMA?oc=5\" target=\"_blank\" rel=\"nofollow noopener\">Ingratid\u00e3o? Gominho revela que n\u00e3o vai usar diamante feito com cinzas da Preta Gil<\/a>&nbsp;&nbsp;Terra<\/li>\n<li><a href=\"https:\/\/news.google.com\/rss\/articles\/CBMi0AFBVV95cUxNM21GdTFFZDZvV3dOeWs1YU5OX0dObHlXcjAtZTNhcGJETmdaLUJaYXVJNmhoV1Z4QlIzOGlPcGZic054ZTZObTFGdUpyRmdISHhNRktXalBTQ1NtN2tDQnJjRnJ4WTg1X3dubzkyYlZHbEVnR1lIUUdGUHJWYjBjSmFEeE5vbWdlMnVXNElMemx6R3J6UWcwclp3R3ZzcDY2UlF4T21ZcDRZaDc4b2N0QkN3cWJZZVZkWVJmYzRDZlh1MTQ1UjFsaWwzSFBiZFB30gHfAUFVX3lxTFB0ZG5ZeFlNWDdSUXRyRVlPR09sV3VUeGFJYTZUc19lSnpCcjRidGZXQzRkOU5FcXBoRTlVVWdkMjB1TFZ3Sko0NWNuMFN2Y29KZTlRLVczby12OS1VWkRqS0FEYk81bHJQMnBoMjNSb3g1MEdkVTRXVEtLUEpiWWFBQnFPTDlRVVVLVVZhbmJLU0lkMk00aVViNjVPenNlcXoxY1RqY1JDbkFBaEdlOWpHcmVyeFNfM2JwYVlYLXRZcUxBd1d2SzJWUGZySjBjVHhNTnFRdDRrcG5uOTlDbzg?oc=5\" target=\"_blank\" rel=\"nofollow noopener\">Cinzas de Preta Gil geraram diamantes para fam\u00edlia e amigos, veja quem ganhou<\/a>&nbsp;&nbsp;G1<\/li>\n<li><a href=\"https:\/\/news.google.com\/rss\/articles\/CBMixAFBVV95cUxQMmJvUU9Ob0E1QVVTNWJwZUEtb1lCdWZLTHpEZm9lV0VGaS1jU0huSUpwblVOTWs4UlhHYkY1MDlJRXFJUEpJMThOQ2xUZWNEQy1wc01EYUlHX2NZcXpDZGNqdlU5ZDJRU1NHY0VWV0Z2OXpFR1BYXzR4WlpzZEFPOWo5a21yanAydkFwZE9sRHU2QWtxazdyT2Y5S0ozaFV1MWpOSkEzUDBBQXl6QjdIcW50RUpuZk1PQnhhZ25haEFMcjZG?oc=5\" target=\"_blank\" rel=\"nofollow noopener\">Gominho exibe diamante feito com cinzas de Preta Gil: &#8216;Guardado pra sempre&#8217;<\/a>&nbsp;&nbsp;UOL<\/li>\n<li><a href=\"https:\/\/news.google.com\/rss\/articles\/CBMinwFBVV95cUxOUGx1ejRkY0ZsZDl3V1J2NVpfck5NTUVrcFdQWG5IUjJfdWp5Y1pWSnVsSlozT0QzS2hVRFF5ODBkb1lMQjRuRDRGc0ZwUk9WTVZsellrMHZycmxjSW5YTmZGdXVzMThXWVlVNVRac0JLQlhycExaWW9JNms3X2l5aTZ4d1Fsd0NZQlM0dGpEd090ZEJMajE4TEwzdl92TE0?oc=5\" target=\"_blank\" rel=\"nofollow noopener\">Gominho mostra diamante feito com cinzas de Preta Gil<\/a>&nbsp;&nbsp;CNN Brasil<\/li>\n<li><a href=\"https:\/\/news.google.com\/rss\/articles\/CBMiyAFBVV95cUxQSEZlLU1heWIweEY1VDY4Zm5sVmhBVXpTcldMZTRkWEpjUVRBVGhvZjl3ZF80R2Qta0UyUzFjOTNEM3R3Z1I1VFpMaXNCMXRtMFI1SjFkVzFuMHlObUlESWhpaUZzc1dPT2NBZDBkbVZJLXRJQU95UW5LcmhpVDR6LU15dlBXNks2NDU4RG9wRElxRE5rbEZ2b2RxY2h1NHhSNnV1bktSOXdLTzFVMFJSd2x0MlBpT09URFJ1X0MwS0pMWVo1TWtyZg?oc=5\" target=\"_blank\" rel=\"nofollow noopener\">Veja diamantes feitos com cinzas de Preta Gil e distribu\u00eddos \u00e0 fam\u00edlia e aos amigos<\/a>&nbsp;&nbsp;Estad\u00e3o<\/li>\n<\/ol>\n","protected":false},"excerpt":{"rendered":"Ingratid\u00e3o? Gominho revela que n\u00e3o vai usar diamante feito com cinzas da Preta Gil&nbsp;&nbsp;Terra Cinzas de Preta Gil&hellip;\n","protected":false},"author":2,"featured_media":161252,"comment_status":"","ping_status":"","sticky":false,"template":"","format":"standard","meta":{"footnotes":""},"categories":[145],"tags":[211,210,114,115,32,33],"class_list":{"0":"post-164436","1":"post","2":"type-post","3":"status-publish","4":"format-standard","5":"has-post-thumbnail","7":"category-celebridades","8":"tag-celebridades","9":"tag-celebrities","10":"tag-entertainment","11":"tag-entretenimento","12":"tag-portugal","13":"tag-pt"},"share_on_mastodon":{"url":"https:\/\/pubeurope.com\/@pt\/115609306532359943","error":""},"_links":{"self":[{"href":"https:\/\/www.europesays.com\/pt\/wp-json\/wp\/v2\/posts\/164436","targetHints":{"allow":["GET"]}}],"collection":[{"href":"https:\/\/www.europesays.com\/pt\/wp-json\/wp\/v2\/posts"}],"about":[{"href":"https:\/\/www.europesays.com\/pt\/wp-json\/wp\/v2\/types\/post"}],"author":[{"embeddable":true,"href":"https:\/\/www.europesays.com\/pt\/wp-json\/wp\/v2\/users\/2"}],"replies":[{"embeddable":true,"href":"https:\/\/www.europesays.com\/pt\/wp-json\/wp\/v2\/comments?post=164436"}],"version-history":[{"count":0,"href":"https:\/\/www.europesays.com\/pt\/wp-json\/wp\/v2\/posts\/164436\/revisions"}],"wp:featuredmedia":[{"embeddable":true,"href":"https:\/\/www.europesays.com\/pt\/wp-json\/wp\/v2\/media\/161252"}],"wp:attachment":[{"href":"https:\/\/www.europesays.com\/pt\/wp-json\/wp\/v2\/media?parent=164436"}],"wp:term":[{"taxonomy":"category","embeddable":true,"href":"https:\/\/www.europesays.com\/pt\/wp-json\/wp\/v2\/categories?post=164436"},{"taxonomy":"post_tag","embeddable":true,"href":"https:\/\/www.europesays.com\/pt\/wp-json\/wp\/v2\/tags?post=164436"}],"curies":[{"name":"wp","href":"https:\/\/api.w.org\/{rel}","templated":true}]}}