{"id":164437,"date":"2025-11-25T08:11:10","date_gmt":"2025-11-25T08:11:10","guid":{"rendered":"https:\/\/www.europesays.com\/pt\/164437\/"},"modified":"2025-11-25T08:11:10","modified_gmt":"2025-11-25T08:11:10","slug":"everton-leva-manchester-united-de-ruben-amorim-ao-tapete-futebol-internacional","status":"publish","type":"post","link":"https:\/\/www.europesays.com\/pt\/164437\/","title":{"rendered":"Everton leva Manchester United de R\u00faben Amorim ao \u201ctapete\u201d | Futebol internacional"},"content":{"rendered":"<p>O Manchester United perdeu, esta segunda-feira, por 0-1, em Old Trafford, para a 12.\u00aa ronda da Premier League, frente a um Everton reduzido a dez elementos desde os 13 minutos.<\/p>\n<p>R\u00faben Amorim somou a quarta derrota num jogo que parecia condenado ao sucesso dos \u201cred devils\u201d, mas que acabou com o United incompreensivelmente vergado \u00e0 segunda derrota caseira do s\u00e9culo com o Everton, depois da sofrida em 2013, ainda com Roberto Mart\u00ednez ao comando da forma\u00e7\u00e3o de Merseyside.<\/p>\n<p>O Everton ficou reduzido a dez aos 13 minutos, num momento surreal, protagonizado por Idrissa Gana Gueye, o pol\u00e9mico internacional senegal\u00eas de 36 anos que em 2022, quando representava o PSG, foi acusado de recusar-se a participar numa campanha, promovida pelas equipas da Liga francesa, de sensibiliza\u00e7\u00e3o e luta contra a homofobia e transfobia.<\/p>\n<p>        &#13;<\/p>\n<blockquote class=\"twitter-tweet\" data-media-max-width=\"560\">\n<p lang=\"pt\" dir=\"ltr\">Tira\u00e7o de Dewsbury-Hall ??<\/p>\n<p>?????????????? <a href=\"https:\/\/twitter.com\/premierleague?ref_src=twsrc%5Etfw\" rel=\"nofollow noopener\" target=\"_blank\">@premierleague<\/a> | <a href=\"https:\/\/twitter.com\/ManUtd?ref_src=twsrc%5Etfw\" rel=\"nofollow noopener\" target=\"_blank\">@ManUtd<\/a> 0 x 1 <a href=\"https:\/\/twitter.com\/Everton?ref_src=twsrc%5Etfw\" rel=\"nofollow noopener\" target=\"_blank\">@Everton<\/a><\/p>\n<p>Nesta DAZN Black Friday, temos grandes jogos ??????\u00b4?????? para veres. Sabe mais em ?? <a href=\"https:\/\/t.co\/APTKI0EKmb\" rel=\"nofollow\">https:\/\/t.co\/APTKI0EKmb<\/a><a href=\"https:\/\/twitter.com\/hashtag\/DAZNPremier?src=hash&amp;ref_src=twsrc%5Etfw\" rel=\"nofollow noopener\" target=\"_blank\">#DAZNPremier<\/a> <a href=\"https:\/\/t.co\/OINFLslPpL\" rel=\"nofollow\">pic.twitter.com\/OINFLslPpL<\/a><\/p>\n<p>\u2014 DAZN Portugal (@DAZNPortugal) <a href=\"https:\/\/twitter.com\/DAZNPortugal\/status\/1993057066722730283?ref_src=twsrc%5Etfw\" rel=\"nofollow noopener\" target=\"_blank\">November 24, 2025<\/a><\/p><\/blockquote>\n<p> &#13;<\/p>\n<p>Gueye, que cerca de um m\u00eas antes desse epis\u00f3dio conquistara a CAN2021, na final com o Egipto de Carlos Queir\u00f3s, surgiria pouco depois associado a rumores de uma poss\u00edvel transfer\u00eancia para Sporting e FC Porto.<\/p>\n<p>O m\u00e9dio, que no caso do jogo em que, supostamente, recusou vestir a camisola com os n\u00fameros estampados com as cores do arco-\u00edris (s\u00edmbolo da comunidade LGBTQIA+), recebeu, na ocasi\u00e3o, o apoio do pr\u00f3prio presidente do Senegal.<\/p>\n<p>        &#13;<\/p>\n<blockquote class=\"twitter-tweet\" data-media-max-width=\"560\">\n<p lang=\"pt\" dir=\"ltr\">Gana Gueye perdeu a cabe\u00e7a ?? <a href=\"https:\/\/twitter.com\/hashtag\/DAZNPremier?src=hash&amp;ref_src=twsrc%5Etfw\" rel=\"nofollow noopener\" target=\"_blank\">#DAZNPremier<\/a> <a href=\"https:\/\/t.co\/fpeYTLAzVz\" rel=\"nofollow\">pic.twitter.com\/fpeYTLAzVz<\/a><\/p>\n<p>\u2014 DAZN Portugal (@DAZNPortugal) <a href=\"https:\/\/twitter.com\/DAZNPortugal\/status\/1993055173447745587?ref_src=twsrc%5Etfw\" rel=\"nofollow noopener\" target=\"_blank\">November 24, 2025<\/a><\/p><\/blockquote>\n<p> &#13;<\/p>\n<p>Os rumores que o ligaram a \u201cdrag\u00f5es\u201d e \u201cle\u00f5es\u201d n\u00e3o se confirmaram, acabando Gueye por regressar a Liverpool e ao Everton por 4 milh\u00f5es de euros, depois de em 2019 ter sido vendido pelos \u201ctoffees\u201d ao PSG por 30 milh\u00f5es de euros.<\/p>\n<p>Agora, Gueye deixou a equipa em apuros, agredindo (com uma estalada) o companheiro Michael Keane, defesa formado no Manchester United, clube onde cumpriu tr\u00eas jogos na primeira equipa&#8230; de Alex Ferguson (2011-12 e 2012-13) e dois com Van Gaal (2014-15).<\/p>\n<p>Apesar da vantagem, a equipa de R\u00faben Amorim foi surpreendida aos 29 minutos e batida com um golo de Dewsbury-Hall, a dar vantagem ao Everton, que igualou os 18 pontos do United na Premier League.<\/p>\n<p>            <script async src=\"https:\/\/platform.twitter.com\/widgets.js\" charset=\"utf-8\"><\/script><\/p>\n","protected":false},"excerpt":{"rendered":"O Manchester United perdeu, esta segunda-feira, por 0-1, em Old Trafford, para a 12.\u00aa ronda da Premier League,&hellip;\n","protected":false},"author":2,"featured_media":164438,"comment_status":"","ping_status":"","sticky":false,"template":"","format":"standard","meta":{"footnotes":""},"categories":[87],"tags":[135,138,663,32,666,33,1052,134],"class_list":{"0":"post-164437","1":"post","2":"type-post","3":"status-publish","4":"format-standard","5":"has-post-thumbnail","7":"category-desporto","8":"tag-desporto","9":"tag-futebol-internacional","10":"tag-manchester-united","11":"tag-portugal","12":"tag-premier-league","13":"tag-pt","14":"tag-ruben-amorim","15":"tag-sports"},"share_on_mastodon":{"url":"https:\/\/pubeurope.com\/@pt\/115609330359274516","error":""},"_links":{"self":[{"href":"https:\/\/www.europesays.com\/pt\/wp-json\/wp\/v2\/posts\/164437","targetHints":{"allow":["GET"]}}],"collection":[{"href":"https:\/\/www.europesays.com\/pt\/wp-json\/wp\/v2\/posts"}],"about":[{"href":"https:\/\/www.europesays.com\/pt\/wp-json\/wp\/v2\/types\/post"}],"author":[{"embeddable":true,"href":"https:\/\/www.europesays.com\/pt\/wp-json\/wp\/v2\/users\/2"}],"replies":[{"embeddable":true,"href":"https:\/\/www.europesays.com\/pt\/wp-json\/wp\/v2\/comments?post=164437"}],"version-history":[{"count":0,"href":"https:\/\/www.europesays.com\/pt\/wp-json\/wp\/v2\/posts\/164437\/revisions"}],"wp:featuredmedia":[{"embeddable":true,"href":"https:\/\/www.europesays.com\/pt\/wp-json\/wp\/v2\/media\/164438"}],"wp:attachment":[{"href":"https:\/\/www.europesays.com\/pt\/wp-json\/wp\/v2\/media?parent=164437"}],"wp:term":[{"taxonomy":"category","embeddable":true,"href":"https:\/\/www.europesays.com\/pt\/wp-json\/wp\/v2\/categories?post=164437"},{"taxonomy":"post_tag","embeddable":true,"href":"https:\/\/www.europesays.com\/pt\/wp-json\/wp\/v2\/tags?post=164437"}],"curies":[{"name":"wp","href":"https:\/\/api.w.org\/{rel}","templated":true}]}}