{"id":164452,"date":"2025-11-25T08:23:09","date_gmt":"2025-11-25T08:23:09","guid":{"rendered":"https:\/\/www.europesays.com\/pt\/164452\/"},"modified":"2025-11-25T08:23:09","modified_gmt":"2025-11-25T08:23:09","slug":"acha-que-andamos-a-comer-gelados-com-a-testa","status":"publish","type":"post","link":"https:\/\/www.europesays.com\/pt\/164452\/","title":{"rendered":"\u201cAcha que andamos a comer gelados com a testa?\u201d"},"content":{"rendered":"<p>Diana Lopes explode nas redes ap\u00f3s frase de Dylan no Secret Story: \u201cAcha que andamos a comer gelados com a testa?\u201d, questionou.<\/p>\n<p>Comentadora reage \u00e0 tentativa de reconcilia\u00e7\u00e3o dentro da casa<\/p>\n<p>A comentadora do Secret Story 9, <strong>Diana Lopes<\/strong>, voltou a agitar as redes sociais depois de comentar uma conversa entre <strong>Dylan<\/strong> e <strong>Pedro Jorge<\/strong>, emitida na noite de segunda-feira. Os dois concorrentes, que t\u00eam protagonizado v\u00e1rios momentos de tens\u00e3o na casa, tentaram aproximar-se e colocar um ponto final nos conflitos.<\/p>\n<p>Durante esse momento, Dylan disse a Pedro: <strong>\u201cn\u00e3o faz sentido andarmos aqui de costas voltadas, quem ganhar ganhou e acabou\u201d<\/strong>.<\/p>\n<p>A frase, no entanto, n\u00e3o convenceu Diana Lopes, que n\u00e3o tardou a reagir com ironia e firmeza.<\/p>\n<p>Diana critica incoer\u00eancia e lembra hist\u00f3rico do concorrente<\/p>\n<p>Pouco depois, na rede social X, a comentadora deixou clara a sua posi\u00e7\u00e3o:<\/p>\n<p><strong>\u201cO Dylan acha que n\u00f3s andamos a comer gelados com a testa certo? O maior instigador desta edi\u00e7\u00e3o LOL\u201d<\/strong><\/p>\n<p>Veja a publica\u00e7\u00e3o <a href=\"https:\/\/x.com\/dianaftlopes\/status\/1992994729319977433?s=20\" rel=\"nofollow\">AQUI<\/a>.<\/p>\n<blockquote data-service=\"twitter\" data-category=\"marketing\" data-placeholder-image=\"https:\/\/infocul.pt\/wp-content\/plugins\/complianz-gdpr\/assets\/images\/placeholders\/twitter-minimal.jpg\" class=\"cmplz-placeholder-element twitter-tweet\" data-width=\"550\" data-dnt=\"true\">\n<p lang=\"pt\" dir=\"ltr\">Dylan para Pedro \u201cn\u00e3o faz sentido andarmos aqui de costas voltadas, quem ganhar ganhou e acabou\u201d \u2026 o Dylan acha que n\u00f3s andamos a comer gelados com a testa certo? O maior instigador desta edi\u00e7\u00e3o LOL <a href=\"https:\/\/twitter.com\/hashtag\/sstvi?src=hash&amp;ref_src=twsrc%5Etfw\" rel=\"nofollow noopener\" target=\"_blank\">#sstvi<\/a><\/p>\n<p>\u2014 Diana Lopes (@dianaftlopes) <a href=\"https:\/\/twitter.com\/dianaftlopes\/status\/1992994729319977433?ref_src=twsrc%5Etfw\" rel=\"nofollow noopener\" target=\"_blank\">November 24, 2025<\/a><\/p><\/blockquote>\n<p> <a href=\"https:\/\/news.google.com\/publications\/CAAqBwgKMKfIoAswtNK4Aw\" target=\"_blank\" rel=\"noopener noreferrer nofollow\"><img loading=\"lazy\" data-lazyloaded=\"1\" width=\"481\" height=\"161\" decoding=\"async\" src=\"\/wp-content\/uploads\/2024\/02\/GN_siganos.png\" alt=\"Siga-nos no Google News\" style=\"margin-top:20px;\"\/><\/a><script async src=\"https:\/\/platform.twitter.com\/widgets.js\" charset=\"utf-8\"><\/script><\/p>\n","protected":false},"excerpt":{"rendered":"Diana Lopes explode nas redes ap\u00f3s frase de Dylan no Secret Story: \u201cAcha que andamos a comer gelados&hellip;\n","protected":false},"author":2,"featured_media":164453,"comment_status":"","ping_status":"","sticky":false,"template":"","format":"standard","meta":{"footnotes":""},"categories":[142],"tags":[2632,558,21040,114,115,21416,32,33,151],"class_list":{"0":"post-164452","1":"post","2":"type-post","3":"status-publish","4":"format-standard","5":"has-post-thumbnail","7":"category-tv","8":"tag-casa-dos-segredos","9":"tag-diana-lopes","10":"tag-dylan-fonte","11":"tag-entertainment","12":"tag-entretenimento","13":"tag-pedro-jorge","14":"tag-portugal","15":"tag-pt","16":"tag-tv"},"share_on_mastodon":{"url":"https:\/\/pubeurope.com\/@pt\/115609377686688844","error":""},"_links":{"self":[{"href":"https:\/\/www.europesays.com\/pt\/wp-json\/wp\/v2\/posts\/164452","targetHints":{"allow":["GET"]}}],"collection":[{"href":"https:\/\/www.europesays.com\/pt\/wp-json\/wp\/v2\/posts"}],"about":[{"href":"https:\/\/www.europesays.com\/pt\/wp-json\/wp\/v2\/types\/post"}],"author":[{"embeddable":true,"href":"https:\/\/www.europesays.com\/pt\/wp-json\/wp\/v2\/users\/2"}],"replies":[{"embeddable":true,"href":"https:\/\/www.europesays.com\/pt\/wp-json\/wp\/v2\/comments?post=164452"}],"version-history":[{"count":0,"href":"https:\/\/www.europesays.com\/pt\/wp-json\/wp\/v2\/posts\/164452\/revisions"}],"wp:featuredmedia":[{"embeddable":true,"href":"https:\/\/www.europesays.com\/pt\/wp-json\/wp\/v2\/media\/164453"}],"wp:attachment":[{"href":"https:\/\/www.europesays.com\/pt\/wp-json\/wp\/v2\/media?parent=164452"}],"wp:term":[{"taxonomy":"category","embeddable":true,"href":"https:\/\/www.europesays.com\/pt\/wp-json\/wp\/v2\/categories?post=164452"},{"taxonomy":"post_tag","embeddable":true,"href":"https:\/\/www.europesays.com\/pt\/wp-json\/wp\/v2\/tags?post=164452"}],"curies":[{"name":"wp","href":"https:\/\/api.w.org\/{rel}","templated":true}]}}