{"id":164454,"date":"2025-11-25T08:26:09","date_gmt":"2025-11-25T08:26:09","guid":{"rendered":"https:\/\/www.europesays.com\/pt\/164454\/"},"modified":"2025-11-25T08:26:09","modified_gmt":"2025-11-25T08:26:09","slug":"conceicao-arrasa-al-ittihad-tenho-51-anos-e-ainda-jogaria-a-este-ritmo","status":"publish","type":"post","link":"https:\/\/www.europesays.com\/pt\/164454\/","title":{"rendered":"Concei\u00e7\u00e3o arrasa Al Ittihad: \u00abTenho 51 anos\u00a0e ainda jogaria a este ritmo\u00bb"},"content":{"rendered":"<p style=\"margin-bottom:11px\">No <a href=\"https:\/\/maisfutebol.iol.pt\/internacional\/champions-da-asia\/champions-da-asia-paulo-sousa-vence-pedro-martins-conceicao-derrotado\" target=\"_blank\" rel=\"nofollow noopener\">rescaldo \u00e0 derrota em Doha, no Qatar, na visita ao Al Duhail<\/a> (4-2), na quinta jornada do Grupo Oeste da Champions da \u00c1sia, S\u00e9rgio Concei\u00e7\u00e3o n\u00e3o poupou nas cr\u00edticas ao Al Ittihad.<\/p>\n<p>\u00abTivemos apenas nomes em campo, n\u00e3o uma equipa. \u00c9 a primeira vez que vivo algo assim. Tenho 51 anos\u00a0e ainda conseguia jogar ao ritmo que a equipa apresentou. Pe\u00e7o aos adeptos que nos perdoem. Tinha uma ideia espec\u00edfica, mas os jogadores n\u00e3o a executaram. E a rea\u00e7\u00e3o no ter\u00e7o defensivo deixou a desejar. Mostr\u00e1mos uma resposta ofensiva, mas \u00e9 essencial defender. Dou os parab\u00e9ns ao nosso advers\u00e1rio\u00bb, referiu em confer\u00eancia de imprensa.<\/p>\n<p>Ao cabo de cinco jogos, o Al Ittihad \u00e9 oitavo classificado, com seis pontos, a seis do l\u00edder Al Hilal. A turma de S\u00e9rgio Concei\u00e7\u00e3o \u00e9 a \u00faltima equipa em zona de apuramento para os \u201coitavos\u201d.<\/p>\n","protected":false},"excerpt":{"rendered":"No rescaldo \u00e0 derrota em Doha, no Qatar, na visita ao Al Duhail (4-2), na quinta jornada do&hellip;\n","protected":false},"author":2,"featured_media":164455,"comment_status":"","ping_status":"","sticky":false,"template":"","format":"standard","meta":{"footnotes":""},"categories":[87],"tags":[2120,1145,367,34833,28281,135,82,436,46,32,33,47,5540,134],"class_list":{"0":"post-164454","1":"post","2":"type-post","3":"status-publish","4":"format-standard","5":"has-post-thumbnail","7":"category-desporto","8":"tag-al-ittihad","9":"tag-arabia-saudita","10":"tag-asia","11":"tag-champions-asia","12":"tag-champions-asiatica","13":"tag-desporto","14":"tag-internacional","15":"tag-made-in","16":"tag-maisfutebol","17":"tag-portugal","18":"tag-pt","19":"tag-pura-paixao","20":"tag-sergio-conceicao","21":"tag-sports"},"share_on_mastodon":{"url":"https:\/\/pubeurope.com\/@pt\/115609389366434693","error":""},"_links":{"self":[{"href":"https:\/\/www.europesays.com\/pt\/wp-json\/wp\/v2\/posts\/164454","targetHints":{"allow":["GET"]}}],"collection":[{"href":"https:\/\/www.europesays.com\/pt\/wp-json\/wp\/v2\/posts"}],"about":[{"href":"https:\/\/www.europesays.com\/pt\/wp-json\/wp\/v2\/types\/post"}],"author":[{"embeddable":true,"href":"https:\/\/www.europesays.com\/pt\/wp-json\/wp\/v2\/users\/2"}],"replies":[{"embeddable":true,"href":"https:\/\/www.europesays.com\/pt\/wp-json\/wp\/v2\/comments?post=164454"}],"version-history":[{"count":0,"href":"https:\/\/www.europesays.com\/pt\/wp-json\/wp\/v2\/posts\/164454\/revisions"}],"wp:featuredmedia":[{"embeddable":true,"href":"https:\/\/www.europesays.com\/pt\/wp-json\/wp\/v2\/media\/164455"}],"wp:attachment":[{"href":"https:\/\/www.europesays.com\/pt\/wp-json\/wp\/v2\/media?parent=164454"}],"wp:term":[{"taxonomy":"category","embeddable":true,"href":"https:\/\/www.europesays.com\/pt\/wp-json\/wp\/v2\/categories?post=164454"},{"taxonomy":"post_tag","embeddable":true,"href":"https:\/\/www.europesays.com\/pt\/wp-json\/wp\/v2\/tags?post=164454"}],"curies":[{"name":"wp","href":"https:\/\/api.w.org\/{rel}","templated":true}]}}