{"id":164490,"date":"2025-11-25T09:18:09","date_gmt":"2025-11-25T09:18:09","guid":{"rendered":"https:\/\/www.europesays.com\/pt\/164490\/"},"modified":"2025-11-25T09:18:09","modified_gmt":"2025-11-25T09:18:09","slug":"mudanca-sem-precedentes-revelada-para-a-proxima-atualizacao-do-iphone","status":"publish","type":"post","link":"https:\/\/www.europesays.com\/pt\/164490\/","title":{"rendered":"Mudan\u00e7a sem Precedentes Revelada para a Pr\u00f3xima Atualiza\u00e7\u00e3o do iPhone"},"content":{"rendered":"<p>\t\t\t\t\t\t\t&#13;<br \/>\n\t\t<img width=\"678\" height=\"452\" src=\"https:\/\/www.europesays.com\/pt\/wp-content\/uploads\/2025\/11\/iphone17promax-768x512.jpg\" class=\"attachment-medium_large size-medium_large wp-post-image\" alt=\"\" decoding=\"async\" fetchpriority=\"high\"\/>\t\t&#13;<br \/>\n\t\t\t&#8220;Esperamos que a Apple lance o iOS 26.2 em dezembro, em algum momento entre 9 e 16 de dezembro&#8221;&#13;<\/p>\n<p>Acessibilidade<\/p>\n<p>&#13;<br \/>\n\t\t\tL&#13;<br \/>\n\t\t\tL&#13;<br \/>\n\t\t\tA-&#13;<br \/>\n\t\t\tA+&#13;<br \/>\n\t\t\t&#13;<br \/>\n\t\t\t\u25d0&#13;<br \/>\n\t\t\t&#13;\n\t\t<\/p>\n<p>A pr\u00f3xima grande <a href=\"https:\/\/forbes.com.br\/forbes-tech\/2025\/11\/ios-26-1-ou-ios-18-7-2-veja-qual-atualizacao-do-iphone-escolher\/\" target=\"_blank\" rel=\"noopener nofollow\">atualiza\u00e7\u00e3o de software da <strong>Apple<\/strong> <\/a>para o<strong> iPhone<\/strong>, o <a href=\"https:\/\/forbes.com.br\/forbes-tech\/2025\/11\/ios-26-1-ou-ios-18-7-2-veja-qual-atualizacao-do-iphone-escolher\/\" target=\"_blank\" rel=\"noopener nofollow\"><strong>iOS 26.2<\/strong>, est\u00e1 chegando em breve<\/a>. Os \u00faltimos relat\u00f3rios nos d\u00e3o uma ideia mais clara de quando e exatamente o que estar\u00e1 inclu\u00eddo. Normalmente, a vers\u00e3o .2 de cada ciclo do iOS \u00e9 lan\u00e7ada em meados de dezembro. Eu j\u00e1 havia mencionado que acreditava que a atualiza\u00e7\u00e3o seria lan\u00e7ada na segunda-feira, 15 de dezembro, ou na ter\u00e7a-feira, 16 de dezembro.<\/p>\n<p>O \u00faltimo relat\u00f3rio do MacRumors sugere que o lan\u00e7amento pode acontecer antes. \u201cEsperamos que a Apple lance o iOS 26.2 em dezembro, em algum momento entre 9 e 16 de dezembro\u201d, afirma o relat\u00f3rio. Boas not\u00edcias para os impacientes.<\/p>\n<p>Dito isso, continuo mantendo as datas em que espero que o novo lan\u00e7amento chegue.<\/p>\n<p>iOS 26.2: Novo recurso revolucion\u00e1rio<\/p>\n<p>\u201cA Apple parece estar caminhando nessa dire\u00e7\u00e3o\u201d, disse Gurman. \u201cA atualiza\u00e7\u00e3o beta mais recente do iOS 26.2 traz uma estrutura para desenvolvedores que permite que assistentes de voz de terceiros sejam acionados pelo bot\u00e3o lateral do iPhone. Desde o lan\u00e7amento do iPhone X em 2017, quando a Apple come\u00e7ou a abandonar os bot\u00f5es Home, o acesso \u00e0 Siri ficou restrito ao bot\u00e3o alongado na lateral direita. Agora, sob press\u00e3o dos \u00f3rg\u00e3os reguladores, a Apple est\u00e1 liberando esse bot\u00e3o para assistentes de voz de terceiros, pelo menos no Jap\u00e3o.\u201d<\/p>\n<p>Press\u00f5es regulat\u00f3rias no Jap\u00e3o n\u00e3o precisam necessariamente significar mudan\u00e7as em outros lugares, certo? Gurman acredita que essa flexibilidade tamb\u00e9m chegar\u00e1 a terceiros na Uni\u00e3o Europeia. \u201cEmbora isso n\u00e3o esteja <a href=\"https:\/\/forbes.com.br\/forbes-tech\/2025\/11\/ios-26-1-ou-ios-18-7-2-veja-qual-atualizacao-do-iphone-escolher\/\" target=\"_blank\" rel=\"noopener nofollow\">acontecendo no iOS 26.2<\/a>, ainda prevejo que a mudan\u00e7a chegar\u00e1 a essas regi\u00f5es eventualmente. Para n\u00f3s, nos EUA, os usu\u00e1rios podem usar o Bot\u00e3o de A\u00e7\u00e3o no lado esquerdo para acessar rapidamente o ChatGPT ou o Gemini\u201d, acrescentou Gurman.<\/p>\n<p>Os usu\u00e1rios no Jap\u00e3o tamb\u00e9m poder\u00e3o instalar lojas de aplicativos alternativas e escolher seu mecanismo de busca preferido.<\/p>\n<p>H\u00e1 muito mais por vir no iOS 26.2. O app Lembretes oferecer\u00e1 uma op\u00e7\u00e3o para definir um alarme quando um lembrete estiver para vencer. O visual do Vidro L\u00edquido ainda est\u00e1 sendo aprimorado, com novas anima\u00e7\u00f5es nos menus, um controle deslizante para a tela de bloqueio e uma adi\u00e7\u00e3o ao funcionamento da op\u00e7\u00e3o \u201cMatizado\u201d no G\u00e1s L\u00edquido, com um aviso de que ela n\u00e3o funciona em conjunto com a op\u00e7\u00e3o \u201cReduzir Transpar\u00eancia\u201d. O Vidro L\u00edquido tamb\u00e9m chegar\u00e1 ao app Medida.<\/p>\n<p>Leia tamb\u00e9m<\/p>\n<p>Escolhas do editor<\/p>\n<p>Siga o canal da <a href=\"https:\/\/whatsapp.com\/channel\/0029Va9gQKwBFLgM96cJnu0u\" target=\"_blank\" rel=\"noopener noreferrer nofollow\" title=\"Grupo da Forbes no WhatsApp\">Forbes<\/a> no WhatsApp e receba as principais not\u00edcias de empreendedorismo, carreira, tecnologia, agro e lifestyle.<\/p>\n","protected":false},"excerpt":{"rendered":"&#13; &#13; &#8220;Esperamos que a Apple lance o iOS 26.2 em dezembro, em algum momento entre 9 e&hellip;\n","protected":false},"author":2,"featured_media":164491,"comment_status":"","ping_status":"","sticky":false,"template":"","format":"standard","meta":{"footnotes":""},"categories":[84],"tags":[109,107,108,32,33,105,103,104,106,110],"class_list":{"0":"post-164490","1":"post","2":"type-post","3":"status-publish","4":"format-standard","5":"has-post-thumbnail","7":"category-ciencia-e-tecnologia","8":"tag-ciencia","9":"tag-ciencia-e-tecnologia","10":"tag-cienciaetecnologia","11":"tag-portugal","12":"tag-pt","13":"tag-science","14":"tag-science-and-technology","15":"tag-scienceandtechnology","16":"tag-technology","17":"tag-tecnologia"},"share_on_mastodon":{"url":"https:\/\/pubeurope.com\/@pt\/115609594334304604","error":""},"_links":{"self":[{"href":"https:\/\/www.europesays.com\/pt\/wp-json\/wp\/v2\/posts\/164490","targetHints":{"allow":["GET"]}}],"collection":[{"href":"https:\/\/www.europesays.com\/pt\/wp-json\/wp\/v2\/posts"}],"about":[{"href":"https:\/\/www.europesays.com\/pt\/wp-json\/wp\/v2\/types\/post"}],"author":[{"embeddable":true,"href":"https:\/\/www.europesays.com\/pt\/wp-json\/wp\/v2\/users\/2"}],"replies":[{"embeddable":true,"href":"https:\/\/www.europesays.com\/pt\/wp-json\/wp\/v2\/comments?post=164490"}],"version-history":[{"count":0,"href":"https:\/\/www.europesays.com\/pt\/wp-json\/wp\/v2\/posts\/164490\/revisions"}],"wp:featuredmedia":[{"embeddable":true,"href":"https:\/\/www.europesays.com\/pt\/wp-json\/wp\/v2\/media\/164491"}],"wp:attachment":[{"href":"https:\/\/www.europesays.com\/pt\/wp-json\/wp\/v2\/media?parent=164490"}],"wp:term":[{"taxonomy":"category","embeddable":true,"href":"https:\/\/www.europesays.com\/pt\/wp-json\/wp\/v2\/categories?post=164490"},{"taxonomy":"post_tag","embeddable":true,"href":"https:\/\/www.europesays.com\/pt\/wp-json\/wp\/v2\/tags?post=164490"}],"curies":[{"name":"wp","href":"https:\/\/api.w.org\/{rel}","templated":true}]}}