{"id":16450,"date":"2025-08-05T00:46:15","date_gmt":"2025-08-05T00:46:15","guid":{"rendered":"https:\/\/www.europesays.com\/pt\/16450\/"},"modified":"2025-08-05T00:46:15","modified_gmt":"2025-08-05T00:46:15","slug":"fc-porto-enviou-proposta-de-27-milhoes-de-euros-por-defesa-do-arsenal-e-levou-nega","status":"publish","type":"post","link":"https:\/\/www.europesays.com\/pt\/16450\/","title":{"rendered":"FC Porto enviou proposta de 27 milh\u00f5es de euros por defesa do Arsenal e levou nega"},"content":{"rendered":"<p>O FC Porto apresentou uma proposta de 27 milh\u00f5es de euros sob a forma de empr\u00e9stimo com op\u00e7\u00e3o de compra para contratar Jakub Kiwior, mas o Arsenal recusou na semana passada. A garantia \u00e9 dada pelo Foot Mercato.<\/p>\n<p>A mesma fonte refere que o<a href=\"https:\/\/bolanarede.pt\/etiqueta\/fc-porto\/\" target=\"_blank\" rel=\"noreferrer noopener nofollow\"> FC Porto <\/a>mostrou muito interesse numa contrata\u00e7\u00e3o de Jakub Kiwior, por\u00e9m os Gunners pretendem continuar com o defesa-central de 25 anos e manter o controlo sobre o futuro do jogador. Caso decidam vender, querem receber um valor mais alto.<\/p>\n<p>Jakub Kiwior representa o Arsenal desde a temporada 2022\/23, quando foi contratado ao Spezia por um valor aproximado aos 20 milh\u00f5es de euros. O defesa de 25 anos \u00e9 internacional polaco e tem contrato v\u00e1lido por mais tr\u00eas temporadas.<\/p>\n","protected":false},"excerpt":{"rendered":"O FC Porto apresentou uma proposta de 27 milh\u00f5es de euros sob a forma de empr\u00e9stimo com op\u00e7\u00e3o&hellip;\n","protected":false},"author":2,"featured_media":16451,"comment_status":"","ping_status":"","sticky":false,"template":"","format":"standard","meta":{"footnotes":""},"categories":[87],"tags":[707,260,135,282,5924,32,33,134],"class_list":{"0":"post-16450","1":"post","2":"type-post","3":"status-publish","4":"format-standard","5":"has-post-thumbnail","7":"category-desporto","8":"tag-arsenal","9":"tag-atualidade","10":"tag-desporto","11":"tag-fc-porto","12":"tag-jakub-kiwior","13":"tag-portugal","14":"tag-pt","15":"tag-sports"},"share_on_mastodon":{"url":"","error":""},"_links":{"self":[{"href":"https:\/\/www.europesays.com\/pt\/wp-json\/wp\/v2\/posts\/16450","targetHints":{"allow":["GET"]}}],"collection":[{"href":"https:\/\/www.europesays.com\/pt\/wp-json\/wp\/v2\/posts"}],"about":[{"href":"https:\/\/www.europesays.com\/pt\/wp-json\/wp\/v2\/types\/post"}],"author":[{"embeddable":true,"href":"https:\/\/www.europesays.com\/pt\/wp-json\/wp\/v2\/users\/2"}],"replies":[{"embeddable":true,"href":"https:\/\/www.europesays.com\/pt\/wp-json\/wp\/v2\/comments?post=16450"}],"version-history":[{"count":0,"href":"https:\/\/www.europesays.com\/pt\/wp-json\/wp\/v2\/posts\/16450\/revisions"}],"wp:featuredmedia":[{"embeddable":true,"href":"https:\/\/www.europesays.com\/pt\/wp-json\/wp\/v2\/media\/16451"}],"wp:attachment":[{"href":"https:\/\/www.europesays.com\/pt\/wp-json\/wp\/v2\/media?parent=16450"}],"wp:term":[{"taxonomy":"category","embeddable":true,"href":"https:\/\/www.europesays.com\/pt\/wp-json\/wp\/v2\/categories?post=16450"},{"taxonomy":"post_tag","embeddable":true,"href":"https:\/\/www.europesays.com\/pt\/wp-json\/wp\/v2\/tags?post=16450"}],"curies":[{"name":"wp","href":"https:\/\/api.w.org\/{rel}","templated":true}]}}