{"id":164504,"date":"2025-11-25T09:34:09","date_gmt":"2025-11-25T09:34:09","guid":{"rendered":"https:\/\/www.europesays.com\/pt\/164504\/"},"modified":"2025-11-25T09:34:09","modified_gmt":"2025-11-25T09:34:09","slug":"greta-thunberg-banida-de-veneza-apos-despejar-tinta-no-grande-canal","status":"publish","type":"post","link":"https:\/\/www.europesays.com\/pt\/164504\/","title":{"rendered":"Greta Thunberg banida de Veneza ap\u00f3s despejar tinta no Grande Canal"},"content":{"rendered":"<p>A ativista sueca Greta Thunberg foi banida durante 48 horas de entrar em Veneza, It\u00e1lia, depois de, juntamente com outros ativistas, ter despejado tinta verde no Grande Canal. A jovem ter\u00e1 ainda de pagar uma multa de 150 euros.\u00a0<\/p>\n<p>Durante o fim de semana, ativistas do grupo Extinction Rebellion\u00a0 participaram em v\u00e1rios protestos e atacaram dez locais em It\u00e1lia. Estes epis\u00f3dios coincidiram com o final da Confer\u00eancia das Na\u00e7\u00f5es Unidas sobre as Mudan\u00e7as Clim\u00e1ticas (COP30), que decorrem em Bel\u00e9m, no Brasil.<\/p>\n<p>Os v\u00e1rios pa\u00edses presentes, recorde-se, n\u00e3o chegaram a um acordo quanto ao fim da utiliza\u00e7\u00e3o de combust\u00edveis f\u00f3sseis.<\/p>\n<p>Depois de ter estado por Portugal, parece que a ativista de 22 anos viajou para It\u00e1lia, onde, no fim de semana, se juntou \u00e0 manifesta\u00e7\u00e3o que aconteceu em Veneza.<\/p>\n<p>Os ativistas, incluindo Thunberg, despejaram uma tinta verde, que se tratar\u00e1 de um corante inofensivo para o meio ambiente, no maior canal da cidade italiana e a \u00e1gua ficou verde.<\/p>\n<p>Foi tamb\u00e9m pendurada uma faixa que tinha escrito &#8220;Parem o Ecoc\u00eddio&#8221; na Ponte Rialto, que fica sobre o Grande Canal.\u00a0<\/p>\n<blockquote class=\"twitter-tweet\"><p>&#13;<\/p>\n<p dir=\"ltr\" lang=\"en\">It\u2019s too early for St. Patrick\u2019s Day, so this must be a tribute to Greta\u2019s friends in Hamas? \ud83e\udd37\u200d\ufe0f<\/p>\n<p>Send her dumbass back to prison please \ud83e\udd23<a href=\"https:\/\/t.co\/SScypvU4DI\" rel=\"nofollow\">https:\/\/t.co\/SScypvU4DI<\/a> <a href=\"https:\/\/t.co\/hl0QLcWzKq\" rel=\"nofollow\">pic.twitter.com\/hl0QLcWzKq<\/a><\/p>\n<p>&#13;<br \/>\n                                                    \u2014 Karen Ievers (@karenievers) <a href=\"https:\/\/twitter.com\/karenievers\/status\/1992395514651054471?ref_src=twsrc%5Etfw\" rel=\"nofollow noopener\" target=\"_blank\">November 23, 2025<\/a><\/p><\/blockquote>\n<blockquote class=\"twitter-tweet\"><p>&#13;<\/p>\n<p dir=\"ltr\" lang=\"en\">Greta Thunberg banned from Venice after dyeing canal green<\/p>\n<p>Read the full story \u2b07\ufe0f<a href=\"https:\/\/t.co\/bSHI1Ep7w6\" rel=\"nofollow\">https:\/\/t.co\/bSHI1Ep7w6<\/a> <a href=\"https:\/\/t.co\/bOFY12UTd0\" rel=\"nofollow\">pic.twitter.com\/bOFY12UTd0<\/a><\/p>\n<p>&#13;<br \/>\n                                                    \u2014 The Telegraph (@Telegraph) <a href=\"https:\/\/twitter.com\/Telegraph\/status\/1992934262329180670?ref_src=twsrc%5Etfw\" rel=\"nofollow noopener\" target=\"_blank\">November 24, 2025<\/a><\/p><\/blockquote>\n<p>O governador de V\u00e9neto, Luca Zaia, condenou a a\u00e7\u00e3o levada a cabo pelos ativistas, caracterizando-a como um &#8220;gesto desrespeitoso&#8221; para com a cidade, a sua hist\u00f3ria e a sua fragilidade.\u00a0<\/p>\n<p>&#8220;Fico ainda mais surpreso por ver a Greta Thunberg entre os autores deste protesto in\u00fatil, que claramente &#8211; mais do sensibilizar sobre o meio ambiente &#8211; t\u00eam como objetivo dar visibilidade a si mesmos&#8221;, referiu, citado pelo Dailymail.\u00a0<\/p>\n<p>Veneza n\u00e3o foi a \u00fanica cidade que viu a \u00e1gua do Grande Canal ficar verde. O mesmo aconteceu em outros locais como, por exemplo, Bolonha, G\u00e9nova, Mil\u00e3o, P\u00e1dua, Palermo ou Turim. Estas a\u00e7\u00f5es tinham como objetivo sensibilizar para os &#8220;efeitos massivos do colapso clim\u00e1tico&#8221;.\u00a0<\/p>\n<p>O grupo Extinction Rebellion acusou It\u00e1lia de ser um dos pa\u00edses que mais se empenhou em impedir a aprova\u00e7\u00e3o das propostas mais ambiciosas apresentadas na COP30.\u00a0<\/p>\n<p>&#8220;A confer\u00eancia global mais importante para definir acordos pol\u00edticos internacionais com o objetivo de combater o colapso clim\u00e1tico e social est\u00e1 a chegar ao fim e, mais uma vez, este ano, [It\u00e1lia] est\u00e1 entre os pa\u00edses que bloquearam as propostas mais ambiciosas&#8221;, afirmou Paola, ativista do Extinction Rebellion.<\/p>\n<p>Greta Thunberg esteve em Portugal&#8230; &#8220;em turismo e trabalho&#8221;\u00a0<\/p>\n<p>A descoberta foi feita por jornalistas do meio local Entroncamento Online, que d\u00e3o conta que se cruzaram com a ativista Greta Thunberg num passeio pela cidade.<\/p>\n<p>Recorde-se, no entanto, que j\u00e1 circulavam rumores de que a sueca teria viajado de comboio para Portugal.\u00a0<\/p>\n<p>A jovem de 22 anos, que se deslocava de mochila \u00e0s costas, \u00a0ter\u00e1 partilhado a este meio local que se encontra &#8220;em turismo e trabalho&#8221; no nosso pa\u00eds e para visitar &#8220;locais e pessoas&#8221;. O mesmo meio partilhou ainda mesmo uma foto de Greta Thunberg na cidade.<\/p>\n<p>                                                    <img decoding=\"async\" src=\"https:\/\/www.europesays.com\/pt\/wp-content\/uploads\/2025\/11\/naom_691d91f51227a.jpg\" border=\"0\" alt=\"Fen\u00f3meno raro? Greta est\u00e1 mesmo em Portugal e foi vista no Entroncamento\"\/><\/p>\n<p>A ativista sueca Greta Thunberg foi vista no Entroncamento onde, em declara\u00e7\u00f5es a um jornalista local, afirmou que se encontrava no nosso pa\u00eds em &#8220;trabalho e turismo&#8221;. Fen\u00f3meno raro?<\/p>\n<p>                                                     Andrea Pinto | 10:15 &#8211; 19\/11\/2025 <\/p>\n<p>Leia Tamb\u00e9m: <a href=\"https:\/\/www.noticiasaominuto.com\/mundo\/2887883\/greta-thunberg-fotografada-em-comboio-a-caminho-de-portugal\" target=\"_blank\" rel=\"noopener noreferrer nofollow\">Greta Thunberg fotografada em comboio e (talvez) a caminho de Portugal<\/a><\/p>\n<p>                                            <script async src=\"https:\/\/platform.twitter.com\/widgets.js\" charset=\"utf-8\"><\/script><\/p>\n","protected":false},"excerpt":{"rendered":"A ativista sueca Greta Thunberg foi banida durante 48 horas de entrar em Veneza, It\u00e1lia, depois de, juntamente&hellip;\n","protected":false},"author":2,"featured_media":164505,"comment_status":"","ping_status":"","sticky":false,"template":"","format":"standard","meta":{"footnotes":""},"categories":[50],"tags":[27,28,15,16,14,25,26,21,22,62,12,13,19,20,23,24,17,18,29,30,31,63,64,65],"class_list":{"0":"post-164504","1":"post","2":"type-post","3":"status-publish","4":"format-standard","5":"has-post-thumbnail","7":"category-mundo","8":"tag-breaking-news","9":"tag-breakingnews","10":"tag-featured-news","11":"tag-featurednews","12":"tag-headlines","13":"tag-latest-news","14":"tag-latestnews","15":"tag-main-news","16":"tag-mainnews","17":"tag-mundo","18":"tag-news","19":"tag-noticias","20":"tag-noticias-principais","21":"tag-noticiasprincipais","22":"tag-principais-noticias","23":"tag-principaisnoticias","24":"tag-top-stories","25":"tag-topstories","26":"tag-ultimas","27":"tag-ultimas-noticias","28":"tag-ultimasnoticias","29":"tag-world","30":"tag-world-news","31":"tag-worldnews"},"share_on_mastodon":{"url":"https:\/\/pubeurope.com\/@pt\/115609656881328888","error":""},"_links":{"self":[{"href":"https:\/\/www.europesays.com\/pt\/wp-json\/wp\/v2\/posts\/164504","targetHints":{"allow":["GET"]}}],"collection":[{"href":"https:\/\/www.europesays.com\/pt\/wp-json\/wp\/v2\/posts"}],"about":[{"href":"https:\/\/www.europesays.com\/pt\/wp-json\/wp\/v2\/types\/post"}],"author":[{"embeddable":true,"href":"https:\/\/www.europesays.com\/pt\/wp-json\/wp\/v2\/users\/2"}],"replies":[{"embeddable":true,"href":"https:\/\/www.europesays.com\/pt\/wp-json\/wp\/v2\/comments?post=164504"}],"version-history":[{"count":0,"href":"https:\/\/www.europesays.com\/pt\/wp-json\/wp\/v2\/posts\/164504\/revisions"}],"wp:featuredmedia":[{"embeddable":true,"href":"https:\/\/www.europesays.com\/pt\/wp-json\/wp\/v2\/media\/164505"}],"wp:attachment":[{"href":"https:\/\/www.europesays.com\/pt\/wp-json\/wp\/v2\/media?parent=164504"}],"wp:term":[{"taxonomy":"category","embeddable":true,"href":"https:\/\/www.europesays.com\/pt\/wp-json\/wp\/v2\/categories?post=164504"},{"taxonomy":"post_tag","embeddable":true,"href":"https:\/\/www.europesays.com\/pt\/wp-json\/wp\/v2\/tags?post=164504"}],"curies":[{"name":"wp","href":"https:\/\/api.w.org\/{rel}","templated":true}]}}