{"id":164506,"date":"2025-11-25T09:44:12","date_gmt":"2025-11-25T09:44:12","guid":{"rendered":"https:\/\/www.europesays.com\/pt\/164506\/"},"modified":"2025-11-25T09:44:12","modified_gmt":"2025-11-25T09:44:12","slug":"vigilancia-intensifica-combate-ao-aedes-com-aplicacao-de-larvicida-em-bairros-de-botucatu","status":"publish","type":"post","link":"https:\/\/www.europesays.com\/pt\/164506\/","title":{"rendered":"Vigil\u00e2ncia intensifica combate ao Aedes com aplica\u00e7\u00e3o de larvicida em bairros de Botucatu"},"content":{"rendered":"<p>                        &#13;<br \/>\n                <a href=\"https:\/\/acontecebotucatu.com.br\/categoria\/geral\/\" style=\"color: #8f65e5;\" rel=\"nofollow noopener\" target=\"_blank\">&#13;<br \/>\n                    &#13;<br \/>\n                    Geral                <\/a>&#13;<\/p>\n<p>            <img decoding=\"async\" class=\"lazy\" src=\"https:\/\/www.europesays.com\/pt\/wp-content\/uploads\/2025\/08\/calendar.png\" alt=\"Vigil\u00e2ncia intensifica combate ao Aedes com aplica\u00e7\u00e3o de larvicida em bairros de Botucatu\"\/> 25 novembro 2025<\/p>\n<p>O larvicida utilizado \u00e9 seguro para pessoas, animais e para o meio ambiente, permitindo que o procedimento seja realizado sem a necessidade de desocupa\u00e7\u00e3o do im\u00f3vel. <\/p>\n<p><img loading=\"lazy\" decoding=\"async\" width=\"1280\" height=\"853\" src=\"https:\/\/www.europesays.com\/pt\/wp-content\/uploads\/2025\/11\/Nebulizacao-1.jpg\" alt=\"\" class=\"wp-image-196648 lazy\"  data-\/>Arquivo Acontece Botucatu <\/p>\n<p>A Vigil\u00e2ncia Ambiental em Sa\u00fade (VAS) iniciou mais um ciclo de aplica\u00e7\u00e3o de larvicida biol\u00f3gico com o aux\u00edlio do Mini Gerador de Aerossol, tecnologia que transforma o produto em uma n\u00e9voa fina capaz de alcan\u00e7ar criadouros escondidos do mosquito Aedes aegypti dentro das resid\u00eancias.<\/p>\n<p>O larvicida utilizado \u00e9 seguro para pessoas, animais e para o meio ambiente, permitindo que o procedimento seja realizado sem a necessidade de desocupa\u00e7\u00e3o do im\u00f3vel. A iniciativa complementa o trabalho rotineiro dos Agentes de Combate \u00e0s Endemias, fortalecendo as a\u00e7\u00f5es preventivas contra dengue, chikungunya e zika.<\/p>\n<p>As equipes percorrem os bairros sempre a partir das 18 horas, utilizando ve\u00edculos equipados e servidores treinados. <strong>Confira o cronograma desta semana:<\/strong><\/p>\n<ul>\n<li><strong>Segunda-feira (24\/11):<\/strong> Jardim Brasil<\/li>\n<li><strong>Ter\u00e7a-feira (25\/11):<\/strong> Jardim Peabiru<\/li>\n<li><strong>Quarta-feira (26\/11):<\/strong> Cohab II, Jardim Vista Linda e Jardim Ciranda<\/li>\n<li><strong>Quinta-feira (27\/11):<\/strong> Jardim Itamaraty<\/li>\n<li><strong>Sexta-feira (28\/11):<\/strong> Vila Ferrovi\u00e1ria<\/li>\n<\/ul>\n<p>A VAS refor\u00e7a que, mesmo com o refor\u00e7o do larvicida, a participa\u00e7\u00e3o da popula\u00e7\u00e3o continua sendo essencial. Receber os agentes, seguir as orienta\u00e7\u00f5es e eliminar qualquer foco de \u00e1gua parada s\u00e3o medidas indispens\u00e1veis para impedir a prolifera\u00e7\u00e3o do mosquito transmissor.<\/p>\n<p>                                Compartilhe esta not\u00edcia<\/p>\n","protected":false},"excerpt":{"rendered":"&#13; &#13; &#13; Geral &#13; 25 novembro 2025 O larvicida utilizado \u00e9 seguro para pessoas, animais e para&hellip;\n","protected":false},"author":2,"featured_media":164507,"comment_status":"","ping_status":"","sticky":false,"template":"","format":"standard","meta":{"footnotes":""},"categories":[86],"tags":[34837,1661,116,32,33,117,29],"class_list":{"0":"post-164506","1":"post","2":"type-post","3":"status-publish","4":"format-standard","5":"has-post-thumbnail","7":"category-saude","8":"tag-botucatu","9":"tag-destaque","10":"tag-health","11":"tag-portugal","12":"tag-pt","13":"tag-saude","14":"tag-ultimas"},"share_on_mastodon":{"url":"https:\/\/pubeurope.com\/@pt\/115609696127768668","error":""},"_links":{"self":[{"href":"https:\/\/www.europesays.com\/pt\/wp-json\/wp\/v2\/posts\/164506","targetHints":{"allow":["GET"]}}],"collection":[{"href":"https:\/\/www.europesays.com\/pt\/wp-json\/wp\/v2\/posts"}],"about":[{"href":"https:\/\/www.europesays.com\/pt\/wp-json\/wp\/v2\/types\/post"}],"author":[{"embeddable":true,"href":"https:\/\/www.europesays.com\/pt\/wp-json\/wp\/v2\/users\/2"}],"replies":[{"embeddable":true,"href":"https:\/\/www.europesays.com\/pt\/wp-json\/wp\/v2\/comments?post=164506"}],"version-history":[{"count":0,"href":"https:\/\/www.europesays.com\/pt\/wp-json\/wp\/v2\/posts\/164506\/revisions"}],"wp:featuredmedia":[{"embeddable":true,"href":"https:\/\/www.europesays.com\/pt\/wp-json\/wp\/v2\/media\/164507"}],"wp:attachment":[{"href":"https:\/\/www.europesays.com\/pt\/wp-json\/wp\/v2\/media?parent=164506"}],"wp:term":[{"taxonomy":"category","embeddable":true,"href":"https:\/\/www.europesays.com\/pt\/wp-json\/wp\/v2\/categories?post=164506"},{"taxonomy":"post_tag","embeddable":true,"href":"https:\/\/www.europesays.com\/pt\/wp-json\/wp\/v2\/tags?post=164506"}],"curies":[{"name":"wp","href":"https:\/\/api.w.org\/{rel}","templated":true}]}}