{"id":164518,"date":"2025-11-25T10:03:34","date_gmt":"2025-11-25T10:03:34","guid":{"rendered":"https:\/\/www.europesays.com\/pt\/164518\/"},"modified":"2025-11-25T10:03:34","modified_gmt":"2025-11-25T10:03:34","slug":"massa-de-ar-polar-chega-a-portugal-e-temperaturas-caem-a-pique","status":"publish","type":"post","link":"https:\/\/www.europesays.com\/pt\/164518\/","title":{"rendered":"massa de ar polar chega a Portugal e temperaturas caem a pique"},"content":{"rendered":"<p>Portugal Continental prepara-se nesta ter\u00e7a-feira para a chegada de uma nova massa de ar polar que ir\u00e1 provocar uma descida significativa das temperaturas em v\u00e1rias regi\u00f5es do pa\u00eds. A altera\u00e7\u00e3o do estado do tempo acontece numa semana marcada por oscila\u00e7\u00f5es t\u00e9rmicas e por per\u00edodos de chuva, sobretudo no Norte e no Centro.<\/p>\n<p>De acordo com previs\u00f5es do portal especializado <a href=\"https:\/\/www.tempo.pt\/noticias\/previsao\/invasao-polar-prevista-para-25-de-novembro-em-portugal-joana-campos-analisa-os-seus-impactos.html\" target=\"_blank\" rel=\"noopener nofollow\">Tempo.pt<\/a>, esta massa de ar frio dever\u00e1 fazer-se sentir de forma mais evidente a partir da tarde de hoje, embora n\u00e3o se espere que atinja valores t\u00e3o extremos como os registados nos \u00faltimos dias. A meteorologista Joana Campos adianta que, apesar de o fen\u00f3meno poder abranger quase todo o territ\u00f3rio, n\u00e3o dever\u00e1 ser t\u00e3o abrangente como o observado durante a semana anterior.<\/p>\n<p>A semana come\u00e7ou com temperaturas acima da m\u00e9dia e com chuva persistente durante a segunda-feira, especialmente a Norte, deslocando-se gradualmente para Sul e dissipando-se j\u00e1 durante a madrugada desta ter\u00e7a-feira. As m\u00ednimas registadas no arranque da semana oscilaram entre 8 \u00baC na Guarda e 17 \u00baC em Lisboa, enquanto as m\u00e1ximas variaram entre 10 \u00baC e 18 \u00baC, consoante a regi\u00e3o. Segundo os modelos de anomalia t\u00e9rmica, durante a manh\u00e3 de segunda-feira o pa\u00eds apresentava valores positivos em quase todo o territ\u00f3rio \u2014 uma situa\u00e7\u00e3o que mudar\u00e1 rapidamente com a entrada do ar polar, invertendo as anomalias para valores negativos ou nulos ao longo da tarde desta ter\u00e7a-feira.<\/p>\n<p>A massa de ar polar dever\u00e1 ser respons\u00e1vel por noites e madrugadas bastante frias at\u00e9 quinta-feira, com especial impacto nas regi\u00f5es montanhosas. Na Serra da Estrela, a madrugada desta ter\u00e7a-feira poder\u00e1 atingir -1 \u00baC, com uma m\u00e1xima que dificilmente ultrapassar\u00e1 os 2 \u00baC. A n\u00edvel distrital, as m\u00ednimas variam hoje entre 3 \u00baC em Bragan\u00e7a e 15 \u00baC em Faro, enquanto as m\u00e1ximas dever\u00e3o manter-se entre 8 \u00baC na Guarda e 18 \u00baC no Algarve.<\/p>\n<p>A madrugada de quarta-feira, 26 de novembro, poder\u00e1 ser ainda mais fria e, segundo a mais recente atualiza\u00e7\u00e3o do modelo ECMWF, uma das mais g\u00e9lidas da semana. Esperam-se valores m\u00ednimos na ordem dos -3 \u00baC na Serra da Estrela e at\u00e9 -1 \u00baC em zonas montanhosas do Norte e no Nordeste Transmontano. As m\u00e1ximas dever\u00e3o repetir valores semelhantes aos desta ter\u00e7a-feira, mantendo um contraste t\u00e9rmico marcado entre litoral e interior. Apesar do frio intenso, n\u00e3o se prev\u00ea precipita\u00e7\u00e3o suficiente para provocar neve; contudo, a elevada humidade facilitar\u00e1 a forma\u00e7\u00e3o de geada nas regi\u00f5es Norte e Centro. O vento dever\u00e1 registar rajadas que podem atingir os 40 km\/h entre hoje e amanh\u00e3, perdendo intensidade na quarta-feira ao longo do dia.<\/p>\n","protected":false},"excerpt":{"rendered":"Portugal Continental prepara-se nesta ter\u00e7a-feira para a chegada de uma nova massa de ar polar que ir\u00e1 provocar&hellip;\n","protected":false},"author":2,"featured_media":164519,"comment_status":"","ping_status":"","sticky":false,"template":"","format":"standard","meta":{"footnotes":""},"categories":[10],"tags":[27,28,15,16,14,25,26,21,22,12,13,19,20,32,23,24,33,17,18,29,30,31],"class_list":{"0":"post-164518","1":"post","2":"type-post","3":"status-publish","4":"format-standard","5":"has-post-thumbnail","7":"category-portugal","8":"tag-breaking-news","9":"tag-breakingnews","10":"tag-featured-news","11":"tag-featurednews","12":"tag-headlines","13":"tag-latest-news","14":"tag-latestnews","15":"tag-main-news","16":"tag-mainnews","17":"tag-news","18":"tag-noticias","19":"tag-noticias-principais","20":"tag-noticiasprincipais","21":"tag-portugal","22":"tag-principais-noticias","23":"tag-principaisnoticias","24":"tag-pt","25":"tag-top-stories","26":"tag-topstories","27":"tag-ultimas","28":"tag-ultimas-noticias","29":"tag-ultimasnoticias"},"share_on_mastodon":{"url":"https:\/\/pubeurope.com\/@pt\/115609771159766294","error":""},"_links":{"self":[{"href":"https:\/\/www.europesays.com\/pt\/wp-json\/wp\/v2\/posts\/164518","targetHints":{"allow":["GET"]}}],"collection":[{"href":"https:\/\/www.europesays.com\/pt\/wp-json\/wp\/v2\/posts"}],"about":[{"href":"https:\/\/www.europesays.com\/pt\/wp-json\/wp\/v2\/types\/post"}],"author":[{"embeddable":true,"href":"https:\/\/www.europesays.com\/pt\/wp-json\/wp\/v2\/users\/2"}],"replies":[{"embeddable":true,"href":"https:\/\/www.europesays.com\/pt\/wp-json\/wp\/v2\/comments?post=164518"}],"version-history":[{"count":0,"href":"https:\/\/www.europesays.com\/pt\/wp-json\/wp\/v2\/posts\/164518\/revisions"}],"wp:featuredmedia":[{"embeddable":true,"href":"https:\/\/www.europesays.com\/pt\/wp-json\/wp\/v2\/media\/164519"}],"wp:attachment":[{"href":"https:\/\/www.europesays.com\/pt\/wp-json\/wp\/v2\/media?parent=164518"}],"wp:term":[{"taxonomy":"category","embeddable":true,"href":"https:\/\/www.europesays.com\/pt\/wp-json\/wp\/v2\/categories?post=164518"},{"taxonomy":"post_tag","embeddable":true,"href":"https:\/\/www.europesays.com\/pt\/wp-json\/wp\/v2\/tags?post=164518"}],"curies":[{"name":"wp","href":"https:\/\/api.w.org\/{rel}","templated":true}]}}