{"id":164536,"date":"2025-11-25T10:23:10","date_gmt":"2025-11-25T10:23:10","guid":{"rendered":"https:\/\/www.europesays.com\/pt\/164536\/"},"modified":"2025-11-25T10:23:10","modified_gmt":"2025-11-25T10:23:10","slug":"alerta-dylan-e-bruno-sao-sancionados-e-tem-reacao-explosiva-que-pode-deitar-tudo-a-perder-secret-story","status":"publish","type":"post","link":"https:\/\/www.europesays.com\/pt\/164536\/","title":{"rendered":"Alerta: Dylan e Bruno s\u00e3o sancionados e t\u00eam rea\u00e7\u00e3o explosiva que pode deitar tudo a perder &#8211; Secret Story"},"content":{"rendered":"<p>O Secret Story 9 est\u00e1 ao rubro e a tens\u00e3o tem sido cada vez maior. O Especial desta segunda-feira ficou marcado por uma san\u00e7\u00e3o da Voz a Bruno e Dylan, que deixou os concorrentes completamente perturbados, levando-os a ter uma rea\u00e7\u00e3o que pode deitar tudo a perder, a um m\u00eas da grande final.\u00a0<\/p>\n<p>Tudo aconteceu ap\u00f3s confrontos de Dylan e <a href=\"https:\/\/tvi.iol.pt\/secretstory\/videos\/como-nunca-o-viu-bruno-envolve-se-em-forte-discussao-com-pedro-e-leandro\/6924d1890cf2c7eb244457bf\" rel=\"nofollow noopener\" target=\"_blank\">Bruno com Pedro, mas tamb\u00e9m com Leandro.<\/a> Bruno disse palavras menos bonitas a Pedro, j\u00e1 <a href=\"https:\/\/tvi.iol.pt\/secretstory\/videos\/a-ferver-dylan-vai-em-direcao-de-pedro-e-quase-que-da-para-o-torto\/6924b5c60cf229bd2f8d4d91\" rel=\"nofollow noopener\" target=\"_blank\">Dylan foi mais longe e aproximou-se do concorrente nariz com nariz<\/a>, com o pior a n\u00e3o acontecer por um triz.\u00a0<\/p>\n<p>Analisando todas as imagens,<a href=\"https:\/\/tvi.iol.pt\/secretstory\/videos\/alerta-sancao-conheca-a-posicao-da-voz-em-relacao-a-dylan-e-bruno\/6924d7ce0cf2559133761882\" rel=\"nofollow noopener\" target=\"_blank\"> a Voz decidiu sancionar Bruno e Dylan com uma nomea\u00e7\u00e3o direta<\/a>\u00a0a cada um, caso n\u00e3o sejam expulsos no pr\u00f3ximo domingo, uma vez que est\u00e3o ambos nomeados esta semana e em risco de abandonar a casa mais vigiada do Pa\u00eds.\u00a0<\/p>\n<p>\u00abO que disseram, a forma como reagiram, \u00e9 completamente inaceit\u00e1vel dentro desta casa, n\u00e3o tenho como n\u00e3o sancionar-vos. Caso n\u00e3o sejam expulsos no pr\u00f3ximo domingo, ficam automaticamente nomeados para a pr\u00f3xima semana\u00bb, disse a Voz, deixando tamb\u00e9m um aviso a todos os concorrentes.\u00a0<\/p>\n<p>Ap\u00f3s a emiss\u00e3o, Bruno e<a href=\"https:\/\/tvi.iol.pt\/secretstory\/videos\/pos-especial-dylan-perde-o-controlo-e-mostra-se-profundamente-chateado\/6924d8d10cf2559133761886\" rel=\"nofollow noopener\" target=\"_blank\"> Dylan n\u00e3o calaram a revolta e tiveram uma rea\u00e7\u00e3o explosiva<\/a>, com <a href=\"https:\/\/tvi.iol.pt\/secretstory\/videos\/pos-especial-dylan-recusa-se-a-ir-ao-confessionario-e-da-pontape-numa-cadeira\/6924d9c70cf28fe430486ade\" rel=\"nofollow noopener\" target=\"_blank\">Dylan a dar um pontap\u00e9 numa das cadeiras do jardim<\/a>, visivelmente exaltado por considerar que s\u00e3o sempre os mesmos a ser repreendidos e sancionados. Tamb\u00e9m Bruno se mostrou indignado e os dois amea\u00e7aram desistir em conjunto.<\/p>\n<p>\u00abQueres dar a m\u00e3o e vamos os dois embora de m\u00e3o dada? Eu secalhar fazia isso\u00bb, disse Dylan. Bruno n\u00e3o hesitou em apoiar o amigo: \u00abEnt\u00e3o bora, eu vou\u00bb. Dylan acrescentou: \u00abVamos os dois agora ao confession\u00e1rio e dizemos \u00e0 Voz\u00bb.\u00a0<\/p>\n<p>\u00a0<\/p>\n<p>\u00a0<\/p>\n","protected":false},"excerpt":{"rendered":"O Secret Story 9 est\u00e1 ao rubro e a tens\u00e3o tem sido cada vez maior. O Especial desta&hellip;\n","protected":false},"author":2,"featured_media":164537,"comment_status":"","ping_status":"","sticky":false,"template":"","format":"standard","meta":{"footnotes":""},"categories":[142],"tags":[3768,19374,19373,19105,114,115,19375,32,33,151],"class_list":{"0":"post-164536","1":"post","2":"type-post","3":"status-publish","4":"format-standard","5":"has-post-thumbnail","7":"category-tv","8":"tag-bruno","9":"tag-confrontos-concorrentes","10":"tag-discussoes-secret-story","11":"tag-dylan","12":"tag-entertainment","13":"tag-entretenimento","14":"tag-polemicas","15":"tag-portugal","16":"tag-pt","17":"tag-tv"},"share_on_mastodon":{"url":"https:\/\/pubeurope.com\/@pt\/115609849423224660","error":""},"_links":{"self":[{"href":"https:\/\/www.europesays.com\/pt\/wp-json\/wp\/v2\/posts\/164536","targetHints":{"allow":["GET"]}}],"collection":[{"href":"https:\/\/www.europesays.com\/pt\/wp-json\/wp\/v2\/posts"}],"about":[{"href":"https:\/\/www.europesays.com\/pt\/wp-json\/wp\/v2\/types\/post"}],"author":[{"embeddable":true,"href":"https:\/\/www.europesays.com\/pt\/wp-json\/wp\/v2\/users\/2"}],"replies":[{"embeddable":true,"href":"https:\/\/www.europesays.com\/pt\/wp-json\/wp\/v2\/comments?post=164536"}],"version-history":[{"count":0,"href":"https:\/\/www.europesays.com\/pt\/wp-json\/wp\/v2\/posts\/164536\/revisions"}],"wp:featuredmedia":[{"embeddable":true,"href":"https:\/\/www.europesays.com\/pt\/wp-json\/wp\/v2\/media\/164537"}],"wp:attachment":[{"href":"https:\/\/www.europesays.com\/pt\/wp-json\/wp\/v2\/media?parent=164536"}],"wp:term":[{"taxonomy":"category","embeddable":true,"href":"https:\/\/www.europesays.com\/pt\/wp-json\/wp\/v2\/categories?post=164536"},{"taxonomy":"post_tag","embeddable":true,"href":"https:\/\/www.europesays.com\/pt\/wp-json\/wp\/v2\/tags?post=164536"}],"curies":[{"name":"wp","href":"https:\/\/api.w.org\/{rel}","templated":true}]}}