{"id":164581,"date":"2025-11-25T11:10:09","date_gmt":"2025-11-25T11:10:09","guid":{"rendered":"https:\/\/www.europesays.com\/pt\/164581\/"},"modified":"2025-11-25T11:10:09","modified_gmt":"2025-11-25T11:10:09","slug":"manuel-pinto-coelho-considerou-o-colesterol-um-aliado-queixa-vai-seguir-para-a-ordem-ordem-dos-medicos","status":"publish","type":"post","link":"https:\/\/www.europesays.com\/pt\/164581\/","title":{"rendered":"Manuel Pinto Coelho considerou o colesterol um aliado. Queixa vai seguir para a Ordem | Ordem dos M\u00e9dicos"},"content":{"rendered":"<p>Tr\u00eas sociedades m\u00e9dicas v\u00e3o apresentar queixa na Ordem dos M\u00e9dicos contra o m\u00e9dico Manuel Pinto Coelho, que considera o colesterol um \u201caliado\u201d e nega a efic\u00e1cia das estatinas, e pedem aos doentes para n\u00e3o abandonarem a medica\u00e7\u00e3o.<\/p>\n<p>Numa nota conjunta enviada \u00e0 ag\u00eancia Lusa a prop\u00f3sito de uma reportagem emitida pela TVI no passado s\u00e1bado que aborda o novo livro de Manuel Pinto Coelho, as sociedades cient\u00edficas de Cardiologia, Aterosclerose e Hipertens\u00e3o advertem que apresentar estas opini\u00f5es como um \u201coutro lado leg\u00edtimo\u201d da medicina configura \u201cum risco de Sa\u00fade P\u00fablica\u201d.<\/p>\n<p>Lembram que as doen\u00e7as cardio e cerebrovasculares s\u00e3o respons\u00e1veis por 26% das mortes em Portugal, sendo que 80% poderiam ser evitadas com a adop\u00e7\u00e3o de estilos de vida saud\u00e1veis e a ades\u00e3o a medidas terap\u00eauticas preventivas, onde se incluem os medicamentos que baixam o colesterol (grupo do qual as estatinas fazem parte).<\/p>\n<p>Dizem ainda que promover \u201cteorias pseudocient\u00edficas\u201d que negam o papel do <a href=\"https:\/\/www.publico.pt\/colesterol\" rel=\"nofollow noopener\" target=\"_blank\">colesterol<\/a> nas doen\u00e7as cardiovasculares \u2014 \u201cuma das bases fundacionais do tratamento dos doentes p\u00f3s-enfarte e p\u00f3s-AVC [Acidente Vascular Cerebral]\u201d \u2014 pode levar \u00e0 suspens\u00e3o de terap\u00eauticas e \u00e0 promo\u00e7\u00e3o de novos eventos cardiovasculares.<\/p>\n<p>\u201cEste \u00e9 um efeito nefasto que est\u00e1 amplamente demonstrado nestas situa\u00e7\u00f5es\u201d, referem a Sociedade Portuguesa de Cardiologia (SPC), a Sociedade Portuguesa de Aterosclerose (SPA) e a Sociedade Portuguesa de Hipertens\u00e3o (SPH), num comunicado conjunto.<\/p>\n<p>Sublinham que \u201ca ci\u00eancia n\u00e3o se faz por \u2018sondagem\u2019, \u2018opini\u00e3o\u2019 ou \u2018palpites\u2019\u201d, mas sim com evid\u00eancia, que dizem ser inequ\u00edvoca quanto ao risco de ter colesterol elevado.<\/p>\n<p>        &#13;<\/p>\n<p>&#13;<br \/>\n                &#13;\n            <\/p>\n<p>&#13;<\/p>\n<p>\u201cExistem j\u00e1 enormes problemas de ades\u00e3o terap\u00eautica que custam anualmente milhares de vidas\u201d, alertam.<\/p>\n<p>As sociedades cient\u00edficas refutam assim as posi\u00e7\u00f5es transmitidas pelo m\u00e9dico <a href=\"https:\/\/www.publico.pt\/autor\/manuel-pinto-coelho\" rel=\"nofollow noopener\" target=\"_blank\">Manuel Pinto Coelho<\/a> sobre o colesterol, esclarecendo que todas as grandes ag\u00eancias mundiais \u2014 Organiza\u00e7\u00e3o Mundial da Sa\u00fade, Sociedade Europeia de Cardiologia e a American Heart Association \u2014 \u201cconfirmam o colesterol LDL como causa directa de aterosclerose\u201d.<\/p>\n<p>\u201cO perigo \u00e9 real: a interrup\u00e7\u00e3o de estatinas, motivada por not\u00edcias pseudocient\u00edficas, est\u00e1 estatisticamente associada a um aumento imediato de <a href=\"https:\/\/www.publico.pt\/2024\/11\/04\/ciencia\/noticia\/nove-dez-adultos-portugueses-menos-factor-risco-cardiovascular-2110120\" rel=\"nofollow noopener\" target=\"_blank\">enfartes<\/a> e AVC\u201d, afirmam as sociedades m\u00e9dicas, insistindo que \u201cdar o mesmo peso a um consenso cient\u00edfico com mais de 50 anos e a uma opini\u00e3o sem base cient\u00edfica cria uma falsa d\u00favida no cidad\u00e3o\u201d.<\/p>\n<p>Apelam ainda \u00e0 popula\u00e7\u00e3o que n\u00e3o pare a medica\u00e7\u00e3o sem consultar o seu m\u00e9dico assistente, pois s\u00f3 ele pode avaliar a rela\u00e7\u00e3o risco-benef\u00edcio dos f\u00e1rmacos que prescreveu ao doente, insistindo: \u201cA desinforma\u00e7\u00e3o mata tanto como a doen\u00e7a.\u201d<\/p>\n<p>A SPC, a SPA e a SPH anunciam ainda que v\u00e3o remeter uma queixa formal ao Conselho Disciplinar da Ordem dos M\u00e9dicos, solicitando \u201ca reposi\u00e7\u00e3o da verdade cient\u00edfica\u201d.<\/p>\n","protected":false},"excerpt":{"rendered":"Tr\u00eas sociedades m\u00e9dicas v\u00e3o apresentar queixa na Ordem dos M\u00e9dicos contra o m\u00e9dico Manuel Pinto Coelho, que considera&hellip;\n","protected":false},"author":2,"featured_media":164582,"comment_status":"","ping_status":"","sticky":false,"template":"","format":"standard","meta":{"footnotes":""},"categories":[86],"tags":[529,353,116,3083,1208,34844,542,32,33,117,896,58,162],"class_list":{"0":"post-164581","1":"post","2":"type-post","3":"status-publish","4":"format-standard","5":"has-post-thumbnail","7":"category-saude","8":"tag-doencas","9":"tag-em-destaque","10":"tag-health","11":"tag-medicamentos","12":"tag-medicina","13":"tag-ordem-dos-medicos","14":"tag-para-redes","15":"tag-portugal","16":"tag-pt","17":"tag-saude","18":"tag-saude-publica","19":"tag-sociedade","20":"tag-tvi"},"share_on_mastodon":{"url":"https:\/\/pubeurope.com\/@pt\/115610034210112756","error":""},"_links":{"self":[{"href":"https:\/\/www.europesays.com\/pt\/wp-json\/wp\/v2\/posts\/164581","targetHints":{"allow":["GET"]}}],"collection":[{"href":"https:\/\/www.europesays.com\/pt\/wp-json\/wp\/v2\/posts"}],"about":[{"href":"https:\/\/www.europesays.com\/pt\/wp-json\/wp\/v2\/types\/post"}],"author":[{"embeddable":true,"href":"https:\/\/www.europesays.com\/pt\/wp-json\/wp\/v2\/users\/2"}],"replies":[{"embeddable":true,"href":"https:\/\/www.europesays.com\/pt\/wp-json\/wp\/v2\/comments?post=164581"}],"version-history":[{"count":0,"href":"https:\/\/www.europesays.com\/pt\/wp-json\/wp\/v2\/posts\/164581\/revisions"}],"wp:featuredmedia":[{"embeddable":true,"href":"https:\/\/www.europesays.com\/pt\/wp-json\/wp\/v2\/media\/164582"}],"wp:attachment":[{"href":"https:\/\/www.europesays.com\/pt\/wp-json\/wp\/v2\/media?parent=164581"}],"wp:term":[{"taxonomy":"category","embeddable":true,"href":"https:\/\/www.europesays.com\/pt\/wp-json\/wp\/v2\/categories?post=164581"},{"taxonomy":"post_tag","embeddable":true,"href":"https:\/\/www.europesays.com\/pt\/wp-json\/wp\/v2\/tags?post=164581"}],"curies":[{"name":"wp","href":"https:\/\/api.w.org\/{rel}","templated":true}]}}