{"id":164603,"date":"2025-11-25T11:30:22","date_gmt":"2025-11-25T11:30:22","guid":{"rendered":"https:\/\/www.europesays.com\/pt\/164603\/"},"modified":"2025-11-25T11:30:22","modified_gmt":"2025-11-25T11:30:22","slug":"ps-e-chega-travam-propinas-e-cortam-iva-de-obras-de-arte-observador","status":"publish","type":"post","link":"https:\/\/www.europesays.com\/pt\/164603\/","title":{"rendered":"PS e Chega travam propinas e cortam IVA de obras de arte &#8211; Observador"},"content":{"rendered":"<ol>\n<li><a href=\"https:\/\/news.google.com\/rss\/articles\/CBMi-AFBVV95cUxPTFVYcXNqVUZNYnFPbWZGbXZNZzUxQWowV01zclRzZ3R0aEpYeEtZWlU2NVltUlhTUlNvY3VoZWQxMzRwNS1zbjVmSHB0el9zeVk3TGt4RWYwZER4YXNDclhVejdrY01qcDMzQmZoVFBVYUJzeDB3ZW1YbUZkdWxoVGFDWjYtS21sWVdDV014VklPQnBFYkJvaVdJV096Rk8wSjFnVlZMel9ZYmhEbm5yWHlBUGRRWVlMYVBLUU42Z3drSXdhRkhRNHpyVDB3a0I3ZUxrOXdJVFVyMFFyZ2RsWU5yekwyX0RYSUQyRDVCU2hickJLaE1Kdg?oc=5\" target=\"_blank\" rel=\"nofollow noopener\">PS e Chega travam propinas e cortam IVA de obras de arte<\/a>&nbsp;&nbsp;Observador<\/li>\n<li><a href=\"https:\/\/news.google.com\/rss\/articles\/CBMirwFBVV95cUxPZFptR3RUYlhRNjVWQzRTaFN0dEQ0YWVwa1RtUTk2OUE2QUF4QVU3cHRodFlGRjg1aTYydTkyelRHZFNKbk95VWM2U0k2dGdjMThpd1psN0lXWWtJeG15T1VNd2d0VkRyXzJyU1AwSERaTkhaZ1pFeVM1THdIQU9ZaEItUDJjWmYxVHBKX295Xy1tYkhnUDFQQXotSUwwMjE3WllTSW1vSlN6SExQVk5Z?oc=5\" target=\"_blank\" rel=\"nofollow noopener\">OE2026: Oposi\u00e7\u00e3o mant\u00e9m congelamento das propinas em 2026\/2027<\/a>&nbsp;&nbsp;Jornal de Neg\u00f3cios<\/li>\n<li><a href=\"https:\/\/news.google.com\/rss\/articles\/CBMinwFBVV95cUxNZTk4TDd2Wl91WDZ3c0lUWUtqVHhBUzd0ZHlJcTJiWFZnOWZQRVA0MVJSWEZCQ01yT2ExMndQYk93NzBMdHctMmVPMWtEcXBfRVpuS3FTdmp6VDNpbkZKLWpwV2JmZjNKNG1KM1dUbWRaVkhlUktTLWcyS0xITTAtOWVMa3lDR3EzWkIwY04tNUxLTmd3NWhZY2N4TVpPOTjSAY8BQVVfeXFMTTV0YlBhVU5hRnp2NG91N01lVDBHSmN2ZDN2NkU0UVg5WWN0Zl9GdGVJUVpWYy1Rd19OOVJvVkNsSWlBdngzZHl2a2J1MVZvdThkOXN0MmdhWTQzM05qUEVFRFZVTXpsaW9IaVBYWVhySkF6Ri1kUmlQZUZmZXQ0VlRkcHFqSFZDRms1eEFwY0k?oc=5\" target=\"_blank\" rel=\"nofollow noopener\">Aprovada proposta para o Governo avan\u00e7ar com PPP no SNS<\/a>&nbsp;&nbsp;Jornal de Not\u00edcias<\/li>\n<li><a href=\"https:\/\/news.google.com\/rss\/articles\/CBMipwFBVV95cUxOUGFkX1ZKTjYxTUhaNkRJZVBMUHNZUkptMUtabmcwak5FZXg5UEFGV3VleDBwQm5sb2ZSTnBLUnhLWGVMeFVKNVhfUHBiUHo0cWZSZjR4YXotcElQUWdmc0dGLWZRLUdOSDBjSUxuUHBuU1lGTDlnRFlEZTh4TW0yVEMxdFZScUViNjZkRW1lVVdOdk9lU3cxSXRaS2pjV0JESV82QWdxSQ?oc=5\" target=\"_blank\" rel=\"nofollow noopener\">OE2026: Parlamento aprova 67 medidas num s\u00f3 dia e PCP assume protagonismo<\/a>&nbsp;&nbsp;Jornal SOL<\/li>\n<li><a href=\"https:\/\/news.google.com\/rss\/articles\/CBMivgFBVV95cUxNcHVCR0YtQ1hiMUlHQTVnLWllc29RQjJpWi0wd1JjbVdUNzZ3Wlo3Q2p3X2R0eTFHYnRXUWpDUzN4cGRVQXFRYUZjdk5MR3Nzcm1UOUI4Yl9OMm1scjZuVEZuc2lUeGdmcnVYZzNlSUJOQy12aHF2WHdEcE1JbnlraElqa0tlcWZ3QWtVeFBqRk5jWW5ncjhRVFRJY3p5a3lTWUJPdm42LUxRSTRDRkVJdHA3Sk16LXFoTTA3WGhB0gGuAUFVX3lxTE9hYWZRVWlVLUFSellyajluTDdjWlZfZVFpY1FoUElFTkJSWTlKT3BNb3lzTHhXZjY3VHFqWHJnTGhRTFpfVjFhSVpUcEhSOEtvZDRQQTRiSjgzRHFRU2pUc3NqM2NPZkhTaVoyY2pMaksydXRjRmlwTDdHZTZDWHhVam1BYVE0cUhqek5rTGZkVGg0TjRjeEllSC1teHFtemJLNURzOTRYSnR2c2lEZw?oc=5\" target=\"_blank\" rel=\"nofollow noopener\">Aprovada proposta para negociar retoma dos comboios noturnos Portugal-Espanha<\/a>&nbsp;&nbsp;TSF<\/li>\n<\/ol>\n","protected":false},"excerpt":{"rendered":"PS e Chega travam propinas e cortam IVA de obras de arte&nbsp;&nbsp;Observador OE2026: Oposi\u00e7\u00e3o mant\u00e9m congelamento das propinas&hellip;\n","protected":false},"author":2,"featured_media":161252,"comment_status":"","ping_status":"","sticky":false,"template":"","format":"standard","meta":{"footnotes":""},"categories":[10],"tags":[27,28,15,16,14,25,26,21,22,12,13,19,20,32,23,24,33,17,18,29,30,31],"class_list":{"0":"post-164603","1":"post","2":"type-post","3":"status-publish","4":"format-standard","5":"has-post-thumbnail","7":"category-portugal","8":"tag-breaking-news","9":"tag-breakingnews","10":"tag-featured-news","11":"tag-featurednews","12":"tag-headlines","13":"tag-latest-news","14":"tag-latestnews","15":"tag-main-news","16":"tag-mainnews","17":"tag-news","18":"tag-noticias","19":"tag-noticias-principais","20":"tag-noticiasprincipais","21":"tag-portugal","22":"tag-principais-noticias","23":"tag-principaisnoticias","24":"tag-pt","25":"tag-top-stories","26":"tag-topstories","27":"tag-ultimas","28":"tag-ultimas-noticias","29":"tag-ultimasnoticias"},"share_on_mastodon":{"url":"https:\/\/pubeurope.com\/@pt\/115610112687531425","error":""},"_links":{"self":[{"href":"https:\/\/www.europesays.com\/pt\/wp-json\/wp\/v2\/posts\/164603","targetHints":{"allow":["GET"]}}],"collection":[{"href":"https:\/\/www.europesays.com\/pt\/wp-json\/wp\/v2\/posts"}],"about":[{"href":"https:\/\/www.europesays.com\/pt\/wp-json\/wp\/v2\/types\/post"}],"author":[{"embeddable":true,"href":"https:\/\/www.europesays.com\/pt\/wp-json\/wp\/v2\/users\/2"}],"replies":[{"embeddable":true,"href":"https:\/\/www.europesays.com\/pt\/wp-json\/wp\/v2\/comments?post=164603"}],"version-history":[{"count":0,"href":"https:\/\/www.europesays.com\/pt\/wp-json\/wp\/v2\/posts\/164603\/revisions"}],"wp:featuredmedia":[{"embeddable":true,"href":"https:\/\/www.europesays.com\/pt\/wp-json\/wp\/v2\/media\/161252"}],"wp:attachment":[{"href":"https:\/\/www.europesays.com\/pt\/wp-json\/wp\/v2\/media?parent=164603"}],"wp:term":[{"taxonomy":"category","embeddable":true,"href":"https:\/\/www.europesays.com\/pt\/wp-json\/wp\/v2\/categories?post=164603"},{"taxonomy":"post_tag","embeddable":true,"href":"https:\/\/www.europesays.com\/pt\/wp-json\/wp\/v2\/tags?post=164603"}],"curies":[{"name":"wp","href":"https:\/\/api.w.org\/{rel}","templated":true}]}}