{"id":164606,"date":"2025-11-25T11:38:17","date_gmt":"2025-11-25T11:38:17","guid":{"rendered":"https:\/\/www.europesays.com\/pt\/164606\/"},"modified":"2025-11-25T11:38:17","modified_gmt":"2025-11-25T11:38:17","slug":"guardiola-recorda-incidente-com-operador-de-camara-sinto-me-envergonhado","status":"publish","type":"post","link":"https:\/\/www.europesays.com\/pt\/164606\/","title":{"rendered":"Guardiola recorda incidente com operador de c\u00e2mara: \u00abSinto-me envergonhado\u00bb"},"content":{"rendered":"<p style=\"margin-bottom:11px\">Protagonista de um <a href=\"https:\/\/maisfutebol.iol.pt\/internacional\/pep-guardiola\/pep-guardiola-perde-a-cabeca-apos-a-derrota-com-o-newcastle\" target=\"_blank\" rel=\"nofollow noopener\">incidente que envolveu um operador de c\u00e2mara e o m\u00e9dio do Newcastle Bruno Guimar\u00e3es<\/a>, no final do jogo entre os Magpies e o Manchester City para a Premier League, Pep Guardiola, treinador dos Cityzens, confessou-se \u00abenvergonhado\u00bb e desculpou-se pela rea\u00e7\u00e3o intempestiva tida em pleno relvado do St. James\u2019 Park.<\/p>\n<p>Na antevis\u00e3o ao <a href=\"https:\/\/maisfutebol.iol.pt\/jogo\/manchester-city\/bayer-leverkusen\/13830155\" target=\"_blank\" rel=\"nofollow noopener\">duelo com o Bayer Leverkusen<\/a>, para a fase regular da Liga dos Campe\u00f5es, o treinador espanhol confessou: \u00abSinto-me envergonhado sempre que vejo as imagens. N\u00e3o fico feliz por isso e pe\u00e7o desculpa ao operador de c\u00e2mara. Levo 1000 jogos como treinador, mas n\u00e3o sou perfeito e cometo erros. Apenas procuro defender a minha equipa e o meu clube.\u00bb<\/p>\n<p>De recordar que, na flash interview que se seguiu \u00e0 <a href=\"https:\/\/maisfutebol.iol.pt\/inglaterra\/newcastle-united\/videos-barnes-bisa-no-triunfo-do-newcastle-united-diante-do-manchester-city\" target=\"_blank\" rel=\"nofollow noopener\">derrota do City em Newcastle (2-1)<\/a>, Pep Guardiola procurou relativizar a situa\u00e7\u00e3o. \u00abDisse ao Bruno (Guimar\u00e3es) o qu\u00e3o bom ele \u00e9. Sobre a situa\u00e7\u00e3o com Gigi (Donnarumma), expliquei o que aconteceu nas situa\u00e7\u00f5es anteriores. Acho que est\u00e1 tudo bem\u00bb,\u00a0disse, na altura.<\/p>\n<p>O Manchester City, quarto classificado na <a href=\"https:\/\/maisfutebol.iol.pt\/resultadoseclassificacoes\/316\/europa\/uefa-champions-league\" target=\"_blank\" rel=\"nofollow noopener\">fase liga da Champions<\/a>, recebe o Bayer Leverkusen (21.\u00ba), na ter\u00e7a-feira (20h00). <a href=\"https:\/\/maisfutebol.iol.pt\/liga-campeoes\/benfica\/champions-arbitro-alemao-na-visita-do-benfica-a-amesterdao\" target=\"_blank\" rel=\"nofollow noopener\">O jogo ser\u00e1 arbitrado pelo portugu\u00eas Jo\u00e3o Pinheiro<\/a>.<\/p>\n","protected":false},"excerpt":{"rendered":"Protagonista de um incidente que envolveu um operador de c\u00e2mara e o m\u00e9dio do Newcastle Bruno Guimar\u00e3es, no&hellip;\n","protected":false},"author":2,"featured_media":164607,"comment_status":"","ping_status":"","sticky":false,"template":"","format":"standard","meta":{"footnotes":""},"categories":[87],"tags":[4136,34402,135,665,82,7706,1003,7972,1356,46,1382,2318,2960,32,666,33,47,134],"class_list":{"0":"post-164606","1":"post","2":"type-post","3":"status-publish","4":"format-standard","5":"has-post-thumbnail","7":"category-desporto","8":"tag-bayer-leverkusen","9":"tag-bruno-guimaraes","10":"tag-desporto","11":"tag-inglaterra","12":"tag-internacional","13":"tag-liga-campeoes","14":"tag-liga-dos-campeoes","15":"tag-liga-inglesa","16":"tag-mais-futebol","17":"tag-maisfutebol","18":"tag-manchester-city","19":"tag-newcastle","20":"tag-pep-guardiola","21":"tag-portugal","22":"tag-premier-league","23":"tag-pt","24":"tag-pura-paixao","25":"tag-sports"},"share_on_mastodon":{"url":"https:\/\/pubeurope.com\/@pt\/115610144291807611","error":""},"_links":{"self":[{"href":"https:\/\/www.europesays.com\/pt\/wp-json\/wp\/v2\/posts\/164606","targetHints":{"allow":["GET"]}}],"collection":[{"href":"https:\/\/www.europesays.com\/pt\/wp-json\/wp\/v2\/posts"}],"about":[{"href":"https:\/\/www.europesays.com\/pt\/wp-json\/wp\/v2\/types\/post"}],"author":[{"embeddable":true,"href":"https:\/\/www.europesays.com\/pt\/wp-json\/wp\/v2\/users\/2"}],"replies":[{"embeddable":true,"href":"https:\/\/www.europesays.com\/pt\/wp-json\/wp\/v2\/comments?post=164606"}],"version-history":[{"count":0,"href":"https:\/\/www.europesays.com\/pt\/wp-json\/wp\/v2\/posts\/164606\/revisions"}],"wp:featuredmedia":[{"embeddable":true,"href":"https:\/\/www.europesays.com\/pt\/wp-json\/wp\/v2\/media\/164607"}],"wp:attachment":[{"href":"https:\/\/www.europesays.com\/pt\/wp-json\/wp\/v2\/media?parent=164606"}],"wp:term":[{"taxonomy":"category","embeddable":true,"href":"https:\/\/www.europesays.com\/pt\/wp-json\/wp\/v2\/categories?post=164606"},{"taxonomy":"post_tag","embeddable":true,"href":"https:\/\/www.europesays.com\/pt\/wp-json\/wp\/v2\/tags?post=164606"}],"curies":[{"name":"wp","href":"https:\/\/api.w.org\/{rel}","templated":true}]}}