{"id":164614,"date":"2025-11-25T11:43:12","date_gmt":"2025-11-25T11:43:12","guid":{"rendered":"https:\/\/www.europesays.com\/pt\/164614\/"},"modified":"2025-11-25T11:43:12","modified_gmt":"2025-11-25T11:43:12","slug":"quase-desmaiei-tailandesa-morta-ressuscita-antes-de-ser-cremada","status":"publish","type":"post","link":"https:\/\/www.europesays.com\/pt\/164614\/","title":{"rendered":"&#8220;Quase desmaiei&#8221;. Tailandesa morta &#8216;ressuscita&#8217; antes de ser cremada"},"content":{"rendered":"<p>Uma mulher de 65 anos, que todos acreditavam estar morta, esteve quase ser cremada at\u00e9 que um funcion\u00e1rio do templo onde ia ser cremada, ouviu pequenas pancadas no caix\u00e3o, tendo assim surpreendido toda a sua fam\u00edlia ao &#8216;ressuscitar&#8217;. O ins\u00f3lito aconteceu na Tail\u00e2ndia.\u00a0<\/p>\n<p>Chonthirot, de 65 anos, estava acamada h\u00e1 j\u00e1 dois anos e foi encontrada &#8220;morta&#8221; pelas 02h00 locais de domingo, dia 23 de novembro, em sua casa, revelou o irm\u00e3o mais novo da mulher ao Dailymail. Posteriormente, foram acionados os servi\u00e7os de emerg\u00eancia que declararam o \u00f3bito de Chonthirot.<\/p>\n<p>Mas, afinal, a mulher n\u00e3o estava morta. Thammanoon, de 27 anos, funcion\u00e1rio do Templo, revelou ao tabl\u00f3ide brit\u00e2nico que estava a transportar o caix\u00e3o para a sala onde se realizaria a cerim\u00f3nia que antecederia a crema\u00e7\u00e3o, quando ouviu pancadas e um pedido de socorro.<\/p>\n<p>&#8220;Levantei o pano que estava a cobrir o caix\u00e3o e fiquei paralisado ao ver que a mulher ainda se mexia. Estava consciente, com uma respira\u00e7\u00e3o fraca e a abanar a cabe\u00e7a&#8221;, contou, acrescentando que ficou &#8220;at\u00f3nito porque nunca tinha presenciado nada parecido&#8221;.\u00a0<\/p>\n<p>H\u00e1, inclusive, imagens de Chonthirot a circular nas redes sociais deitada no caix\u00e3o e a espantar moscas da cara enquanto a fam\u00edlia olha incr\u00e9dula para ela.<\/p>\n<p>&#8220;Fiquei chocado, fiquei surpreso e feliz pela minha irm\u00e3 ainda estar viva. Quase desmaiei de surpresa. \u00c9 um milagre ela ter acordado&#8221;, disse o irm\u00e3o da mulher de 69 anos.<\/p>\n<p>O abade do Templo Phra Kitti Wachirathada revelou tamb\u00e9m estar muito feliz com todo o epis\u00f3dio, notando que nunca havia presenciado nada semelhante. Anunciou ainda que iria suportar todas as despesas m\u00e9dicas de Chonthirot.<\/p>\n<p>Esta n\u00e3o \u00e9 a primeira vez que um situa\u00e7\u00e3o destas ocorre na Tail\u00e2ndia. Em fevereiro deste ano, uma mulher de 85 anos tamb\u00e9m &#8216;ressuscitou&#8217; cerca de 40 minutos depois de ter sido declarado o seu \u00f3bito.<\/p>\n<p>Leia Tamb\u00e9m: <a href=\"https:\/\/www.noticiasaominuto.com\/mundo\/2892027\/apos-ser-chamada-de-burra-candidata-do-mexico-e-coroada-miss-universo\" target=\"_blank\" rel=\"noopener noreferrer nofollow\">Ap\u00f3s ser chamada de &#8220;burra&#8221;, candidata do M\u00e9xico \u00e9 coroada Miss Universo<\/a><\/p>\n","protected":false},"excerpt":{"rendered":"Uma mulher de 65 anos, que todos acreditavam estar morta, esteve quase ser cremada at\u00e9 que um funcion\u00e1rio&hellip;\n","protected":false},"author":2,"featured_media":164615,"comment_status":"","ping_status":"","sticky":false,"template":"","format":"standard","meta":{"footnotes":""},"categories":[50],"tags":[27,28,15,16,14,25,26,21,22,62,12,13,19,20,23,24,17,18,29,30,31,63,64,65],"class_list":{"0":"post-164614","1":"post","2":"type-post","3":"status-publish","4":"format-standard","5":"has-post-thumbnail","7":"category-mundo","8":"tag-breaking-news","9":"tag-breakingnews","10":"tag-featured-news","11":"tag-featurednews","12":"tag-headlines","13":"tag-latest-news","14":"tag-latestnews","15":"tag-main-news","16":"tag-mainnews","17":"tag-mundo","18":"tag-news","19":"tag-noticias","20":"tag-noticias-principais","21":"tag-noticiasprincipais","22":"tag-principais-noticias","23":"tag-principaisnoticias","24":"tag-top-stories","25":"tag-topstories","26":"tag-ultimas","27":"tag-ultimas-noticias","28":"tag-ultimasnoticias","29":"tag-world","30":"tag-world-news","31":"tag-worldnews"},"share_on_mastodon":{"url":"https:\/\/pubeurope.com\/@pt\/115610164005089025","error":""},"_links":{"self":[{"href":"https:\/\/www.europesays.com\/pt\/wp-json\/wp\/v2\/posts\/164614","targetHints":{"allow":["GET"]}}],"collection":[{"href":"https:\/\/www.europesays.com\/pt\/wp-json\/wp\/v2\/posts"}],"about":[{"href":"https:\/\/www.europesays.com\/pt\/wp-json\/wp\/v2\/types\/post"}],"author":[{"embeddable":true,"href":"https:\/\/www.europesays.com\/pt\/wp-json\/wp\/v2\/users\/2"}],"replies":[{"embeddable":true,"href":"https:\/\/www.europesays.com\/pt\/wp-json\/wp\/v2\/comments?post=164614"}],"version-history":[{"count":0,"href":"https:\/\/www.europesays.com\/pt\/wp-json\/wp\/v2\/posts\/164614\/revisions"}],"wp:featuredmedia":[{"embeddable":true,"href":"https:\/\/www.europesays.com\/pt\/wp-json\/wp\/v2\/media\/164615"}],"wp:attachment":[{"href":"https:\/\/www.europesays.com\/pt\/wp-json\/wp\/v2\/media?parent=164614"}],"wp:term":[{"taxonomy":"category","embeddable":true,"href":"https:\/\/www.europesays.com\/pt\/wp-json\/wp\/v2\/categories?post=164614"},{"taxonomy":"post_tag","embeddable":true,"href":"https:\/\/www.europesays.com\/pt\/wp-json\/wp\/v2\/tags?post=164614"}],"curies":[{"name":"wp","href":"https:\/\/api.w.org\/{rel}","templated":true}]}}