{"id":164617,"date":"2025-11-25T11:46:22","date_gmt":"2025-11-25T11:46:22","guid":{"rendered":"https:\/\/www.europesays.com\/pt\/164617\/"},"modified":"2025-11-25T11:46:22","modified_gmt":"2025-11-25T11:46:22","slug":"aos-98-anos-ruy-de-carvalho-conhece-bisneto-veja-a-foto-comovente","status":"publish","type":"post","link":"https:\/\/www.europesays.com\/pt\/164617\/","title":{"rendered":"Aos 98 anos, Ruy de Carvalho conhece bisneto: veja a foto comovente!"},"content":{"rendered":"<p>A fam\u00edlia de <a href=\"https:\/\/selfie.iol.pt\/famosos\/ruy-de-carvalho\/ruy-de-carvalho-reage-a-noticia-especial-mais-uma-bencao\/20251121\/69205ef4d34e3caad84b8825\" target=\"_blank\" rel=\"nofollow noopener\">Ruy de Carvalho<\/a> aumentou: <a href=\"https:\/\/selfie.iol.pt\/famosos\/catarina-siqueira\/catarina-siqueira-e-henrique-de-carvalho-apresentam-o-filho-e-desvendam-o-nome-do-bebe\/20251121\/69205320d34e3caad84b8788\" target=\"_blank\" rel=\"nofollow noopener\">Henrique de Carvalho, neto do ator, foi pai pela primeira vez na semana passada.<\/a><\/p>\n<p>Desde ent\u00e3o, tanto Henrique de Carvalho, como <a href=\"https:\/\/selfie.iol.pt\/famosos\/catarina-siqueira\/ja-nasceu-o-filho-de-catarina-siqueira-e-henrique-carvalho-veja-a-imagem\/20251120\/691ed33dd34e2bd5c6d431e7\" target=\"_blank\" rel=\"nofollow noopener\">Catarina Siqueira<\/a> t\u00eam partilhado registos do filho rec\u00e9m-nascido, o pequeno Mateus.<\/p>\n<p>E h\u00e1 uma fotografia que tem chamado particularmente a aten\u00e7\u00e3o: trata-se da imagem que capta o momento em que Ruy de Carvalho conhece o bisneto.<\/p>\n<p>&#8220;Bisav\u00f4 Rui&#8221;, assinalou apenas Catarina Siqueira na legenda da fotografia comovente, acrescentando um emoji em forma de cora\u00e7\u00e3o branco.<\/p>\n<p>Veja, agora, a imagem partilhada por Catarina Siqueira na galeria de fotografias que prepar\u00e1mos para si.<\/p>\n<p>\u00a0<\/p>\n","protected":false},"excerpt":{"rendered":"A fam\u00edlia de Ruy de Carvalho aumentou: Henrique de Carvalho, neto do ator, foi pai pela primeira vez&hellip;\n","protected":false},"author":2,"featured_media":164618,"comment_status":"","ping_status":"","sticky":false,"template":"","format":"standard","meta":{"footnotes":""},"categories":[145],"tags":[1244,813,32809,211,210,114,115,981,980,1870,1015,619,32,33,33923,1012],"class_list":{"0":"post-164617","1":"post","2":"type-post","3":"status-publish","4":"format-standard","5":"has-post-thumbnail","7":"category-celebridades","8":"tag-ator","9":"tag-atriz","10":"tag-catarina-siqueira","11":"tag-celebridades","12":"tag-celebrities","13":"tag-entertainment","14":"tag-entretenimento","15":"tag-familia","16":"tag-famosos","17":"tag-filhos","18":"tag-instagram","19":"tag-nacional","20":"tag-portugal","21":"tag-pt","22":"tag-ruy-de-carvalho","23":"tag-selfie"},"share_on_mastodon":{"url":"https:\/\/pubeurope.com\/@pt\/115610175602676346","error":""},"_links":{"self":[{"href":"https:\/\/www.europesays.com\/pt\/wp-json\/wp\/v2\/posts\/164617","targetHints":{"allow":["GET"]}}],"collection":[{"href":"https:\/\/www.europesays.com\/pt\/wp-json\/wp\/v2\/posts"}],"about":[{"href":"https:\/\/www.europesays.com\/pt\/wp-json\/wp\/v2\/types\/post"}],"author":[{"embeddable":true,"href":"https:\/\/www.europesays.com\/pt\/wp-json\/wp\/v2\/users\/2"}],"replies":[{"embeddable":true,"href":"https:\/\/www.europesays.com\/pt\/wp-json\/wp\/v2\/comments?post=164617"}],"version-history":[{"count":0,"href":"https:\/\/www.europesays.com\/pt\/wp-json\/wp\/v2\/posts\/164617\/revisions"}],"wp:featuredmedia":[{"embeddable":true,"href":"https:\/\/www.europesays.com\/pt\/wp-json\/wp\/v2\/media\/164618"}],"wp:attachment":[{"href":"https:\/\/www.europesays.com\/pt\/wp-json\/wp\/v2\/media?parent=164617"}],"wp:term":[{"taxonomy":"category","embeddable":true,"href":"https:\/\/www.europesays.com\/pt\/wp-json\/wp\/v2\/categories?post=164617"},{"taxonomy":"post_tag","embeddable":true,"href":"https:\/\/www.europesays.com\/pt\/wp-json\/wp\/v2\/tags?post=164617"}],"curies":[{"name":"wp","href":"https:\/\/api.w.org\/{rel}","templated":true}]}}