{"id":164619,"date":"2025-11-25T11:49:21","date_gmt":"2025-11-25T11:49:21","guid":{"rendered":"https:\/\/www.europesays.com\/pt\/164619\/"},"modified":"2025-11-25T11:49:21","modified_gmt":"2025-11-25T11:49:21","slug":"como-nunca-o-viu-bruno-envolve-se-em-forte-discussao-com-pedro-e-leandro-tvi-player","status":"publish","type":"post","link":"https:\/\/www.europesays.com\/pt\/164619\/","title":{"rendered":"Como nunca o viu: Bruno envolve-se em forte discuss\u00e3o com Pedro e Leandro &#8211; TVI Player"},"content":{"rendered":"<ol>\n<li><a href=\"https:\/\/news.google.com\/rss\/articles\/CBMipAFBVV95cUxPaS1XV2otanJBVkVOenFvM0lLbDhTVldFTlN5a2poUkRQMW1SWHp3SU52Mi1WSnM3Mm9Yd01HR0xoWUptenkzTzdhS2xERHpkanM2LUhBVk1CRVk4MHdpaU8tbUxEZkhlOXNiMlBlSE9ia2hpNTUtM1dCbzk5N0c3b2ZYNlR1NWVZODNqeVppV2l5cDNOTV9nQ0dKYnBNVHlqLWlScA?oc=5\" target=\"_blank\" rel=\"nofollow noopener\">Como nunca o viu: Bruno envolve-se em forte discuss\u00e3o com Pedro e Leandro<\/a>&nbsp;&nbsp;TVI Player<\/li>\n<li><a href=\"https:\/\/news.google.com\/rss\/articles\/CBMi1AFBVV95cUxPR25vWUVJSjlRcE9VTmdoMVVLN3JXbmpUd01SQ3NNOHFaQ05sbmpXNG94ZkpnLVhjcWxIYzZTM2tmNWkzbXVpUDRLckphaVhxT1ZSUDk0NnNMMnU5NzRfQVhrVF9DODUwSnhWZVhCVlhFbXJyYVQ1ZW5YQTBpNDhUZWVnd0ZJaFNua0tPeFFRdWo5dUxmUFZNajl4bG9jYU1JSmRNdVVWSThCak5XR0lvMlFUWkxNcFZLSzNaX1E5bmtIeXk2MC1hbEM0cENHZHVhREVPQg?oc=5\" target=\"_blank\" rel=\"nofollow noopener\">Pela primeira vez, m\u00e3e de In\u00eas pronuncia-se sobre rela\u00e7\u00e3o da filha com Dylan<\/a>&nbsp;&nbsp;TVI<\/li>\n<li><a href=\"https:\/\/news.google.com\/rss\/articles\/CBMisgFBVV95cUxPLUZvcFktSWpuY2Y4Um1JNUVnYjZkZm9MQWRzVFdmRWlFZFhaandMbHNvVzVOSFAxRFVvVWp5TFBaTEsyQUhWX2VFaEFKSGt4ZnRjUTdfbzFEY21JS0F2dWJxTGhqWTdVMFhJMFpCV3QxQVpKWG5yZ1YwS1JDRVR4WUFOYzh4LVA4ZTF3MEhoRjJONXlHNFZEMzVaUTRzcnVCS2k5ZzNIaEgwUkZVTlF0bk93?oc=5\" target=\"_blank\" rel=\"nofollow noopener\">Dylan avisa ap\u00f3s Pedro e Liliana come\u00e7arem a manh\u00e3 a provocar: \u201cVai correr muito mal\u2026\u201d<\/a>&nbsp;&nbsp;A Televis\u00e3o<\/li>\n<li><a href=\"https:\/\/news.google.com\/rss\/articles\/CBMizwFBVV95cUxNcHB5aG9jVXo4clAzVGFaV09EOUJTNHZBT202dXpKb1E4aU8wWGpQMFZqTFA4STJOQ1BPVVd5MENBMlFoTUVnSHJNVzNyWll2YUhkRDdhRDM2S2VhZ1pPcC03clJRSVlIVGs3VENaYkNhbC1VTk96YlNtS2xLYXVOeTkzbjdEMEJ2ZWVTbjljeDNzMnNxcmhJZ3hxZW9yXzVpMWxOMHdJUXFGU0lWT25IazY3R296amRnaXBvb3VHZDhWSGczRWhNWHhOc3BIVm8?oc=5\" target=\"_blank\" rel=\"nofollow noopener\">Farpa: Ana acusa Dylan de ser repetitivo no jogo \u00abSempre as mesmas coisas\u00bb<\/a>&nbsp;&nbsp;TVI<\/li>\n<li><a href=\"https:\/\/news.google.com\/rss\/articles\/CBMi0wFBVV95cUxOaldfcDhTSnFZQ2YwNWt5cFBJX2x5NHlnMzR5WU9oZktnY2dyM3htVTRXRzBWN1VaQW5jTEh6bEZhX3VnNTJiREs0YkhsNWhqRV9NQkJDRHNFWEpac3NGaGpDODAxcTJTM3VxTXlTSTlSelhELXllVVRUd2xIaFZYRHQyY2RDMmsxMGJqMWZpQ0ZVQ2hsV0NlYVpmMVZfZWhIZzVqanhselBDZnVtVlhDMm10YkhzVURFVlFqdURwcXdDdGR6OUdodlNhWHRvQzl0ejB3?oc=5\" target=\"_blank\" rel=\"nofollow noopener\">F\u00e1bio &#8216;sacrifica-se&#8217; por Liliana, e este foi o gesto admir\u00e1vel do concorrente<\/a>&nbsp;&nbsp;TVI<\/li>\n<\/ol>\n","protected":false},"excerpt":{"rendered":"Como nunca o viu: Bruno envolve-se em forte discuss\u00e3o com Pedro e Leandro&nbsp;&nbsp;TVI Player Pela primeira vez, m\u00e3e&hellip;\n","protected":false},"author":2,"featured_media":164620,"comment_status":"","ping_status":"","sticky":false,"template":"","format":"standard","meta":{"footnotes":""},"categories":[142],"tags":[3768,114,115,12397,14646,32,33,151],"class_list":{"0":"post-164619","1":"post","2":"type-post","3":"status-publish","4":"format-standard","5":"has-post-thumbnail","7":"category-tv","8":"tag-bruno","9":"tag-entertainment","10":"tag-entretenimento","11":"tag-leandro","12":"tag-pedro","13":"tag-portugal","14":"tag-pt","15":"tag-tv"},"share_on_mastodon":{"url":"https:\/\/pubeurope.com\/@pt\/115610187410633541","error":""},"_links":{"self":[{"href":"https:\/\/www.europesays.com\/pt\/wp-json\/wp\/v2\/posts\/164619","targetHints":{"allow":["GET"]}}],"collection":[{"href":"https:\/\/www.europesays.com\/pt\/wp-json\/wp\/v2\/posts"}],"about":[{"href":"https:\/\/www.europesays.com\/pt\/wp-json\/wp\/v2\/types\/post"}],"author":[{"embeddable":true,"href":"https:\/\/www.europesays.com\/pt\/wp-json\/wp\/v2\/users\/2"}],"replies":[{"embeddable":true,"href":"https:\/\/www.europesays.com\/pt\/wp-json\/wp\/v2\/comments?post=164619"}],"version-history":[{"count":0,"href":"https:\/\/www.europesays.com\/pt\/wp-json\/wp\/v2\/posts\/164619\/revisions"}],"wp:featuredmedia":[{"embeddable":true,"href":"https:\/\/www.europesays.com\/pt\/wp-json\/wp\/v2\/media\/164620"}],"wp:attachment":[{"href":"https:\/\/www.europesays.com\/pt\/wp-json\/wp\/v2\/media?parent=164619"}],"wp:term":[{"taxonomy":"category","embeddable":true,"href":"https:\/\/www.europesays.com\/pt\/wp-json\/wp\/v2\/categories?post=164619"},{"taxonomy":"post_tag","embeddable":true,"href":"https:\/\/www.europesays.com\/pt\/wp-json\/wp\/v2\/tags?post=164619"}],"curies":[{"name":"wp","href":"https:\/\/api.w.org\/{rel}","templated":true}]}}