{"id":164621,"date":"2025-11-25T11:52:23","date_gmt":"2025-11-25T11:52:23","guid":{"rendered":"https:\/\/www.europesays.com\/pt\/164621\/"},"modified":"2025-11-25T11:52:23","modified_gmt":"2025-11-25T11:52:23","slug":"encontro-de-cristiano-ronaldo-com-donald-trump-continua-a-dar-que-falar-agora-pelo-presente-que-o-craque-portugues-recebeu","status":"publish","type":"post","link":"https:\/\/www.europesays.com\/pt\/164621\/","title":{"rendered":"Encontro de Cristiano Ronaldo com Donald Trump continua a dar que falar, agora pelo presente que o craque portugu\u00eas recebeu"},"content":{"rendered":"<p data-end=\"607\" data-start=\"0\">No programa <a href=\"https:\/\/tvi.iol.pt\/vmais\/programa\/v-fama\/66aa431ed34ea1acf26cda0d\" target=\"_blank\" rel=\"nofollow noopener\"><strong data-end=\"23\" data-start=\"12\">V+ Fama<\/strong><\/a> do dia 21 de novembro, voltou a ser debatido o encontro entre <strong data-end=\"107\" data-start=\"86\">Cristiano Ronaldo<\/strong> e <strong data-end=\"126\" data-start=\"110\">Donald Trump<\/strong>, sobretudo pela pol\u00e9mica gerada ap\u00f3s o craque portugu\u00eas partilhar fotos da sua visita \u00e0 Casa Branca. As cr\u00edticas vieram com for\u00e7a &#8211; muitos consideraram que Ronaldo estaria a usar esse momento para angariar visibilidade, enquanto outros defenderam que era simplesmente mais um evento diplom\u00e1tico no seu percurso. No est\u00fadio, por\u00e9m, houve um ponto que todos destacaram: o presente simb\u00f3lico que Trump ofereceu a CR7, algo incomum para convidados comuns: a <strong data-end=\"606\" data-start=\"582\">chave da Casa Branca<\/strong>.<\/p>\n<p data-end=\"1217\" data-start=\"609\">Segundo v\u00e1rios meios, <strong>Ronaldo foi recebido num jantar de gala na Casa Branca<\/strong> oferecido por Trump ao pr\u00edncipe herdeiro saudita, Mohammed bin Salman.\u00a0<strong>No dia seguinte, teve ainda uma conversa privada no Sal\u00e3o Oval, onde o ex-presidente norte-americano presenteou-o com uma chave dourada da Casa Branca<\/strong> &#8211; um gesto simb\u00f3lico de grande prest\u00edgio.\u00a0Ronaldo agradeceu publicamente nas redes sociais: \u201cObrigado, Sr. Presidente \u2026 estou pronto para dar o meu contributo enquanto inspiramos novas gera\u00e7\u00f5es.\u201d<\/p>\n<p data-end=\"1839\" data-start=\"1219\">Embora a visita tenha alentado tens\u00f5es medi\u00e1ticas, com vozes cr\u00edticas a questionarem as motiva\u00e7\u00f5es por detr\u00e1s da aproxima\u00e7\u00e3o entre uma figura t\u00e3o global do desporto e um l\u00edder pol\u00edtico,<strong> o simbolismo da chave oferecida por Trump foi visto no programa do V+ dedicado aos famosos como algo marcante<\/strong>. Nem todos os convidados ilustres recebem tal distin\u00e7\u00e3o &#8211; Elon Musk e Benjamin Netanyahu s\u00e3o alguns dos poucos que j\u00e1 foram agraciados com este tipo de presente simb\u00f3lico. Para muitos, <strong>este gesto \u00e9 mais do que um presente diplom\u00e1tico: \u00e9 um sinal de respeito e reconhecimento \u00e0 influ\u00eancia internacional de Cristiano Ronaldo.<\/strong><\/p>\n<p data-end=\"1839\" data-start=\"1219\">Veja algumas imagens deste encontro, nas galerias em cima.<\/p>\n","protected":false},"excerpt":{"rendered":"No programa V+ Fama do dia 21 de novembro, voltou a ser debatido o encontro entre Cristiano Ronaldo&hellip;\n","protected":false},"author":2,"featured_media":164622,"comment_status":"","ping_status":"","sticky":false,"template":"","format":"standard","meta":{"footnotes":""},"categories":[87],"tags":[73,72,66,667,135,92,77,69,75,71,67,32,33,76,74,134,70,35,78,68],"class_list":{"0":"post-164621","1":"post","2":"type-post","3":"status-publish","4":"format-standard","5":"has-post-thumbnail","7":"category-desporto","8":"tag-a-jornada","9":"tag-bate-bola","10":"tag-bom-dia-alegria","11":"tag-cristiano-ronaldo","12":"tag-desporto","13":"tag-donald-trump","14":"tag-estudio-estadio","15":"tag-fanaticos","16":"tag-livre-e-direto","17":"tag-nova-geracao","18":"tag-para-si","19":"tag-portugal","20":"tag-pt","21":"tag-segredos-do-prazer","22":"tag-segue-o-jogo","23":"tag-sports","24":"tag-super-craques","25":"tag-transferencias","26":"tag-v-fama","27":"tag-var-aberto"},"share_on_mastodon":{"url":"https:\/\/pubeurope.com\/@pt\/115610199366381918","error":""},"_links":{"self":[{"href":"https:\/\/www.europesays.com\/pt\/wp-json\/wp\/v2\/posts\/164621","targetHints":{"allow":["GET"]}}],"collection":[{"href":"https:\/\/www.europesays.com\/pt\/wp-json\/wp\/v2\/posts"}],"about":[{"href":"https:\/\/www.europesays.com\/pt\/wp-json\/wp\/v2\/types\/post"}],"author":[{"embeddable":true,"href":"https:\/\/www.europesays.com\/pt\/wp-json\/wp\/v2\/users\/2"}],"replies":[{"embeddable":true,"href":"https:\/\/www.europesays.com\/pt\/wp-json\/wp\/v2\/comments?post=164621"}],"version-history":[{"count":0,"href":"https:\/\/www.europesays.com\/pt\/wp-json\/wp\/v2\/posts\/164621\/revisions"}],"wp:featuredmedia":[{"embeddable":true,"href":"https:\/\/www.europesays.com\/pt\/wp-json\/wp\/v2\/media\/164622"}],"wp:attachment":[{"href":"https:\/\/www.europesays.com\/pt\/wp-json\/wp\/v2\/media?parent=164621"}],"wp:term":[{"taxonomy":"category","embeddable":true,"href":"https:\/\/www.europesays.com\/pt\/wp-json\/wp\/v2\/categories?post=164621"},{"taxonomy":"post_tag","embeddable":true,"href":"https:\/\/www.europesays.com\/pt\/wp-json\/wp\/v2\/tags?post=164621"}],"curies":[{"name":"wp","href":"https:\/\/api.w.org\/{rel}","templated":true}]}}