{"id":164627,"date":"2025-11-25T11:57:18","date_gmt":"2025-11-25T11:57:18","guid":{"rendered":"https:\/\/www.europesays.com\/pt\/164627\/"},"modified":"2025-11-25T11:57:18","modified_gmt":"2025-11-25T11:57:18","slug":"costa-diz-que-os-efeitos-do-colonialismo-nao-terminaram-observador","status":"publish","type":"post","link":"https:\/\/www.europesays.com\/pt\/164627\/","title":{"rendered":"Costa diz que os efeitos do colonialismo n\u00e3o terminaram \u2013 Observador"},"content":{"rendered":"<p>O presidente do Conselho Europeu e ex-primeiro-ministro portugu\u00eas, Ant\u00f3nio Costa, congratulou-se esta segunda-feira com o fim das col\u00f3nias europeias em \u00c1frica h\u00e1 50 anos, mas real\u00e7ou que \u201cos efeitos do colonialismo ainda n\u00e3o terminaram\u201d.<\/p>\n<p>Ant\u00f3nio Costa falava na abertura da 7.\u00aa Cimeira Uni\u00e3o Africana\u2014Uni\u00e3o Europeia, que esta segunda-feira come\u00e7ou em Luanda, e evocou a liga\u00e7\u00e3o hist\u00f3rica entre Portugal e Angola, felicitando o pa\u00eds africano pelos 50 anos da independ\u00eancia, tal como Cabo Verde, Mo\u00e7ambique e S\u00e3o Tom\u00e9 e Pr\u00edncipe, que tamb\u00e9m assinalam meio s\u00e9culo de soberania em 2025, e Guin\u00e9-Bissau, que declarou a independ\u00eancia em 1973.<\/p>\n<p>\u201cConhe\u00e7o bem o Presidente Jo\u00e3o Louren\u00e7o e o povo angolano h\u00e1 muitos anos e somos ambos testemunhas de que, quando a fraternidade entre os povos \u00e9 forte, as nossas na\u00e7\u00f5es e os nossos continentes prosperam em conjunto\u201d, afirmou, acrescentando\u00a0tratar-se de um momento \u201cparticularmente simb\u00f3lico\u201d enquanto portugu\u00eas.<\/p>\n<p>\u201c<strong>Se hoje estou aqui, foi porque precisamente a luta de liberta\u00e7\u00e3o dos povos africanos acelerou a queda da ditadura no meu pa\u00ed<\/strong>s\u201d, disse Ant\u00f3nio Costa, defendendo que sem essa transforma\u00e7\u00e3o \u201cPortugal n\u00e3o seria membro da Uni\u00e3o Europeia\u201d.<\/p>\n<p>\u201cH\u00e1 50 anos terminaram as col\u00f3nias europeias em \u00c1frica. Foi assim posto fim a um ciclo de 500 anos de colonialismo, cujo momento seguramente mais dram\u00e1tico foi o com\u00e9rcio de escravos\u201d, destacou o respons\u00e1vel europeu, sublinhando que \u201c<strong>as col\u00f3nias terminaram, mas infelizmente os efeitos do colonialismo n\u00e3o terminaram<\/strong>\u201c.<\/p>\n<p>Por isso, incentivou europeus e africanos a trabalharem juntos \u201cpela paz e pela prosperidade atrav\u00e9s do multilateralismo\u201d.<\/p>\n<p>Costa lembrou que a cimeira \u00e9 tamb\u00e9m simb\u00f3lica por assinalar o 25.\u00ba anivers\u00e1rio da parceria estrat\u00e9gica entre \u00c1frica e Europa, lan\u00e7ada na primeira cimeira, no Cairo, que pretendia conferir \u201cuma nova dimens\u00e3o estrat\u00e9gica\u201d \u00e0 rela\u00e7\u00e3o entre os dois continentes para o s\u00e9culo XXI, num esp\u00edrito de igualdade, respeito e coopera\u00e7\u00e3o.<\/p>\n<p>Para Ant\u00f3nio Costa, essa ambi\u00e7\u00e3o \u201cfoi concretizada\u201d e existe hoje \u201cuma verdadeira parceria de continente para continente, de povos para povos\u201d, que envolve tamb\u00e9m a sociedade civil, parlamentos, setor privado e juventude.<\/p>\n<p>Considerou a nova gera\u00e7\u00e3o africana \u201cum dos maiores trunfos para o futuro partilhado\u201d, sublinhando que \u201cinvestir na juventude africana n\u00e3o \u00e9 apenas investir em \u00c1frica, \u00e9 investir no futuro\u201d.<\/p>\n<p>Concluiu que \u00c1frica e Europa s\u00e3o atualmente \u201c<strong>parceiros por escolha m\u00fatua, unidos por interesses comuns, prioridades e valores partilhados<\/strong>\u201c.<\/p>\n","protected":false},"excerpt":{"rendered":"O presidente do Conselho Europeu e ex-primeiro-ministro portugu\u00eas, Ant\u00f3nio Costa, congratulou-se esta segunda-feira com o fim das col\u00f3nias&hellip;\n","protected":false},"author":2,"featured_media":164628,"comment_status":"","ping_status":"","sticky":false,"template":"","format":"standard","meta":{"footnotes":""},"categories":[50],"tags":[26231,27,28,21504,445,15,16,14,25,26,21,22,62,12,13,19,20,57,302,23,24,58,17,18,1064,29,30,31,554,63,64,65],"class_list":{"0":"post-164627","1":"post","2":"type-post","3":"status-publish","4":"format-standard","5":"has-post-thumbnail","7":"category-mundo","8":"tag-antu00f3nio-costa","9":"tag-breaking-news","10":"tag-breakingnews","11":"tag-colonialismo","12":"tag-europa","13":"tag-featured-news","14":"tag-featurednews","15":"tag-headlines","16":"tag-latest-news","17":"tag-latestnews","18":"tag-main-news","19":"tag-mainnews","20":"tag-mundo","21":"tag-news","22":"tag-noticias","23":"tag-noticias-principais","24":"tag-noticiasprincipais","25":"tag-pau00eds","26":"tag-polu00edtica","27":"tag-principais-noticias","28":"tag-principaisnoticias","29":"tag-sociedade","30":"tag-top-stories","31":"tag-topstories","32":"tag-u00c1frica","33":"tag-ultimas","34":"tag-ultimas-noticias","35":"tag-ultimasnoticias","36":"tag-uniu00e3o-europeia","37":"tag-world","38":"tag-world-news","39":"tag-worldnews"},"share_on_mastodon":{"url":"","error":"Validation failed: Text character limit of 500 exceeded"},"_links":{"self":[{"href":"https:\/\/www.europesays.com\/pt\/wp-json\/wp\/v2\/posts\/164627","targetHints":{"allow":["GET"]}}],"collection":[{"href":"https:\/\/www.europesays.com\/pt\/wp-json\/wp\/v2\/posts"}],"about":[{"href":"https:\/\/www.europesays.com\/pt\/wp-json\/wp\/v2\/types\/post"}],"author":[{"embeddable":true,"href":"https:\/\/www.europesays.com\/pt\/wp-json\/wp\/v2\/users\/2"}],"replies":[{"embeddable":true,"href":"https:\/\/www.europesays.com\/pt\/wp-json\/wp\/v2\/comments?post=164627"}],"version-history":[{"count":0,"href":"https:\/\/www.europesays.com\/pt\/wp-json\/wp\/v2\/posts\/164627\/revisions"}],"wp:featuredmedia":[{"embeddable":true,"href":"https:\/\/www.europesays.com\/pt\/wp-json\/wp\/v2\/media\/164628"}],"wp:attachment":[{"href":"https:\/\/www.europesays.com\/pt\/wp-json\/wp\/v2\/media?parent=164627"}],"wp:term":[{"taxonomy":"category","embeddable":true,"href":"https:\/\/www.europesays.com\/pt\/wp-json\/wp\/v2\/categories?post=164627"},{"taxonomy":"post_tag","embeddable":true,"href":"https:\/\/www.europesays.com\/pt\/wp-json\/wp\/v2\/tags?post=164627"}],"curies":[{"name":"wp","href":"https:\/\/api.w.org\/{rel}","templated":true}]}}