{"id":164631,"date":"2025-11-25T11:59:21","date_gmt":"2025-11-25T11:59:21","guid":{"rendered":"https:\/\/www.europesays.com\/pt\/164631\/"},"modified":"2025-11-25T11:59:21","modified_gmt":"2025-11-25T11:59:21","slug":"agrediu-o-colega-de-equipa-pediu-desculpa-e-fez-promessa","status":"publish","type":"post","link":"https:\/\/www.europesays.com\/pt\/164631\/","title":{"rendered":"Agrediu o colega de equipa, pediu desculpa e fez promessa"},"content":{"rendered":"<p>O <a class=\"autolink-enabled\" data-resource-id=\"96\" data-resource-type=\"team\" data-sport=\"football\" href=\"https:\/\/www.abola.pt\/futebol\/everton-96\" rel=\"nofollow noopener\" target=\"_blank\">Everton<\/a> venceu esta segunda-feira em Old Trafford diante do <a class=\"autolink-enabled\" data-resource-id=\"102\" data-resource-type=\"team\" data-sport=\"football\" href=\"https:\/\/www.abola.pt\/futebol\/manchester-united-102\" rel=\"nofollow noopener\" target=\"_blank\">Manchester United<\/a>, de Ruben Amorim, por 1-0, gra\u00e7as ao gola\u00e7o de Dewsbury-Hall, sendo que a equipa de David Moyes esteve a jogar quase o tempo inteiro com menos um em campo. <a class=\"autolink-enabled\" data-resource-id=\"1811\" data-resource-type=\"player\" data-sport=\"football\" href=\"https:\/\/www.abola.pt\/futebol\/jogador\/idrissa-gana-gueye-1811\" rel=\"nofollow noopener\" target=\"_blank\">Idrissa Gueye<\/a> agrediu o colega de equipa <a class=\"autolink-enabled\" data-resource-id=\"2081\" data-resource-type=\"player\" data-sport=\"football\" href=\"https:\/\/www.abola.pt\/futebol\/jogador\/michael-keane-2081\" rel=\"nofollow noopener\" target=\"_blank\">Michael Keane<\/a> e foi expulso pelo \u00e1rbitro, aos 13 minutos.<\/p>\n<p>Mais tarde, o autor do \u00fanico golo da partida e o treinador revelaram que o senegal\u00eas pediu desculpa pelo sucedido aos colegas de equipa, no final da partida, e Gana Gueye tamb\u00e9m fez quest\u00e3o de recorrer \u00e0s redes sociais para o fazer novamente, desta vez tamb\u00e9m aos adeptos.<\/p>\n<p>\u00abQuero pedir desculpas em primeiro lugar ao meu colega de equipa <a target=\"_blank\" class=\"editor-link autolink-enabled\" href=\"https:\/\/www.abola.pt\/futebol\/jogador\/michael-keane-2081\" data-resource-id=\"2081\" data-resource-type=\"player\" data-sport=\"football\" rel=\"nofollow noopener\">Michael Keane<\/a>. Assumo total responsabilidade pela minha rea\u00e7\u00e3o. Pe\u00e7o desculpas tamb\u00e9m aos meus colegas de equipa, \u00e0 equipa t\u00e9cnica, aos adeptos e ao clube\u00bb, come\u00e7ou por escrever, numa story do Instagram, fazendo uma promessa.<\/p>\n<p>            <img decoding=\"async\" src=\"https:\/\/www.europesays.com\/pt\/wp-content\/uploads\/2025\/11\/164fb066-f89e-45f1-8e8f-dc6b2c47ba90.png\" alt=\"\" width=\"620\" class=\"1 w-full object-cover\"\/><\/p>\n<p>\u00abO que aconteceu n\u00e3o reflete quem eu sou nem os valores que defendo. As emo\u00e7\u00f5es podem ficar \u00e0 flor da pele, mas nada justifica tal comportamento. Vou garantir que isso nunca mais aconte\u00e7a\u00bb, garantiu.<\/p>\n","protected":false},"excerpt":{"rendered":"O Everton venceu esta segunda-feira em Old Trafford diante do Manchester United, de Ruben Amorim, por 1-0, gra\u00e7as&hellip;\n","protected":false},"author":2,"featured_media":164632,"comment_status":"","ping_status":"","sticky":false,"template":"","format":"standard","meta":{"footnotes":""},"categories":[8],"tags":[27,28,15,16,14,25,26,21,22,12,13,19,20,32,23,24,33,17,18,29,30,31],"class_list":{"0":"post-164631","1":"post","2":"type-post","3":"status-publish","4":"format-standard","5":"has-post-thumbnail","7":"category-principais-noticias","8":"tag-breaking-news","9":"tag-breakingnews","10":"tag-featured-news","11":"tag-featurednews","12":"tag-headlines","13":"tag-latest-news","14":"tag-latestnews","15":"tag-main-news","16":"tag-mainnews","17":"tag-news","18":"tag-noticias","19":"tag-noticias-principais","20":"tag-noticiasprincipais","21":"tag-portugal","22":"tag-principais-noticias","23":"tag-principaisnoticias","24":"tag-pt","25":"tag-top-stories","26":"tag-topstories","27":"tag-ultimas","28":"tag-ultimas-noticias","29":"tag-ultimasnoticias"},"share_on_mastodon":{"url":"https:\/\/pubeurope.com\/@pt\/115610227242525004","error":""},"_links":{"self":[{"href":"https:\/\/www.europesays.com\/pt\/wp-json\/wp\/v2\/posts\/164631","targetHints":{"allow":["GET"]}}],"collection":[{"href":"https:\/\/www.europesays.com\/pt\/wp-json\/wp\/v2\/posts"}],"about":[{"href":"https:\/\/www.europesays.com\/pt\/wp-json\/wp\/v2\/types\/post"}],"author":[{"embeddable":true,"href":"https:\/\/www.europesays.com\/pt\/wp-json\/wp\/v2\/users\/2"}],"replies":[{"embeddable":true,"href":"https:\/\/www.europesays.com\/pt\/wp-json\/wp\/v2\/comments?post=164631"}],"version-history":[{"count":0,"href":"https:\/\/www.europesays.com\/pt\/wp-json\/wp\/v2\/posts\/164631\/revisions"}],"wp:featuredmedia":[{"embeddable":true,"href":"https:\/\/www.europesays.com\/pt\/wp-json\/wp\/v2\/media\/164632"}],"wp:attachment":[{"href":"https:\/\/www.europesays.com\/pt\/wp-json\/wp\/v2\/media?parent=164631"}],"wp:term":[{"taxonomy":"category","embeddable":true,"href":"https:\/\/www.europesays.com\/pt\/wp-json\/wp\/v2\/categories?post=164631"},{"taxonomy":"post_tag","embeddable":true,"href":"https:\/\/www.europesays.com\/pt\/wp-json\/wp\/v2\/tags?post=164631"}],"curies":[{"name":"wp","href":"https:\/\/api.w.org\/{rel}","templated":true}]}}