{"id":164651,"date":"2025-11-25T12:18:12","date_gmt":"2025-11-25T12:18:12","guid":{"rendered":"https:\/\/www.europesays.com\/pt\/164651\/"},"modified":"2025-11-25T12:18:12","modified_gmt":"2025-11-25T12:18:12","slug":"vem-ai-em-a-protegida-bomba-afinal-nuno-nao-e-o-pai-do-filho-bebe-de-gina-novelas","status":"publish","type":"post","link":"https:\/\/www.europesays.com\/pt\/164651\/","title":{"rendered":"Vem a\u00ed em \u00abA Protegida\u00bb: Bomba! Afinal, Nuno n\u00e3o \u00e9 o pai do filho beb\u00e9 de Gina &#8211; Novelas"},"content":{"rendered":"<p>Em \u00abA Protegida\u00bb, <a href=\"https:\/\/tvi.iol.pt\/novelas\/joao-bettencourt\/catarina-nifo\/vem-ai-a-protegida-goncalo-fica-paralisado-no-chao\" rel=\"nofollow noopener\" target=\"_blank\">Gon\u00e7alo (Jo\u00e3o Bettencourt)<\/a>\u00a0est\u00e1 a treinar, concentrado, e nem d\u00e1 pela presen\u00e7a de <a href=\"https:\/\/tvi.iol.pt\/novelas\/videos\/nuno-acusa-gina-de-roubo-de-bebe-apos-telefonema-da-seguranca-social\/68a4a1420cf216cd3ad3a105\" rel=\"nofollow noopener\" target=\"_blank\">Nuno (Tiago Teot\u00f3nio Pereira)<\/a>. Este n\u00e3o gosta nada de o ver ali e faz quest\u00e3o de lhe dizer. Nuno pergunta-lhe se n\u00e3o estava de passagem e avisa-o para ficar longe de <a href=\"https:\/\/tvi.iol.pt\/novelas\/videos\/a-protegida-gina-deixa-nuno-frustrado-com-revelacao-inesperada\/6839c1f90cf28cf887680b32\" rel=\"nofollow noopener\" target=\"_blank\">Gina (Paula Neves)<\/a>\u00a0e do seu filho. Gon\u00e7alo n\u00e3o gosta da forma como Nuno fala com ele. Medem-se com o olhar.<\/p>\n<p>Gina fica em choque ao ver Nuno e Gon\u00e7alo lutarem a s\u00e9rio. Gon\u00e7alo imobiliza Nuno e diz-lhe que j\u00e1 chega de humilha\u00e7\u00e3o. Gina pergunta-lhe se est\u00e1 louco, mas Gon\u00e7alo diz que eles \u00e9 que devem estar, para o terem escorra\u00e7ado dali e terem feito as coisas como fizeram. Gina fica muito nervosa.<\/p>\n<p>Gina coloca gelo no ferimento de Nuno e diz que aquilo n\u00e3o faz sentido nenhum. Nuno confessa que o provocou, por ele ser o melhor do mundo e ter engravidado a sua mulher.<\/p>\n<p>FLASHBACK: Gina e Nuno est\u00e3o envolvidos aos beijos e come\u00e7am a despir-se. Gina recebe uma notifica\u00e7\u00e3o no telem\u00f3vel de que o per\u00edodo est\u00e1 atrasado, mas n\u00e3o d\u00e1 grande import\u00e2ncia. Gina faz um teste de gravidez e fica incr\u00e9dula ao ver que o resultado \u00e9 positivo. Nuno fica em estado de choque.<\/p>\n<p>Gina est\u00e1 chateada por Nuno lhe atirar \u00e0 cara que engravidou de outro homem, quando j\u00e1 tinham combinado n\u00e3o voltar a tocar nesse assunto. Nuno diz que tamb\u00e9m n\u00e3o era suposto Gon\u00e7alo andar por ali e n\u00e3o foi isso que aconteceu. Gina diz que n\u00e3o tem culpa e n\u00e3o merece que Nuno a trate assim. \u00a0<\/p>\n","protected":false},"excerpt":{"rendered":"Em \u00abA Protegida\u00bb, Gon\u00e7alo (Jo\u00e3o Bettencourt)\u00a0est\u00e1 a treinar, concentrado, e nem d\u00e1 pela presen\u00e7a de Nuno (Tiago Teot\u00f3nio&hellip;\n","protected":false},"author":2,"featured_media":164652,"comment_status":"","ping_status":"","sticky":false,"template":"","format":"standard","meta":{"footnotes":""},"categories":[142],"tags":[168,160,166,114,115,157,167,3120,7991,34848,164,161,7992,158,3119,165,159,32,33,156,163,151,162],"class_list":{"0":"post-164651","1":"post","2":"type-post","3":"status-publish","4":"format-standard","5":"has-post-thumbnail","7":"category-tv","8":"tag-a-protegida","9":"tag-ana-guiomar","10":"tag-cristina-ferreira","11":"tag-entertainment","12":"tag-entretenimento","13":"tag-festa-e-festa","14":"tag-ficcao","15":"tag-gina","16":"tag-goncalo","17":"tag-joao-bettenhcourt","18":"tag-jose-fidalgo","19":"tag-novelas","20":"tag-nuno","21":"tag-para-sempre","22":"tag-paula-neves","23":"tag-pedro-sousa","24":"tag-pedro-teixeira","25":"tag-portugal","26":"tag-pt","27":"tag-queridos-papas","28":"tag-tiago-teotonio-pereira","29":"tag-tv","30":"tag-tvi"},"share_on_mastodon":{"url":"https:\/\/pubeurope.com\/@pt\/115610301593460366","error":""},"_links":{"self":[{"href":"https:\/\/www.europesays.com\/pt\/wp-json\/wp\/v2\/posts\/164651","targetHints":{"allow":["GET"]}}],"collection":[{"href":"https:\/\/www.europesays.com\/pt\/wp-json\/wp\/v2\/posts"}],"about":[{"href":"https:\/\/www.europesays.com\/pt\/wp-json\/wp\/v2\/types\/post"}],"author":[{"embeddable":true,"href":"https:\/\/www.europesays.com\/pt\/wp-json\/wp\/v2\/users\/2"}],"replies":[{"embeddable":true,"href":"https:\/\/www.europesays.com\/pt\/wp-json\/wp\/v2\/comments?post=164651"}],"version-history":[{"count":0,"href":"https:\/\/www.europesays.com\/pt\/wp-json\/wp\/v2\/posts\/164651\/revisions"}],"wp:featuredmedia":[{"embeddable":true,"href":"https:\/\/www.europesays.com\/pt\/wp-json\/wp\/v2\/media\/164652"}],"wp:attachment":[{"href":"https:\/\/www.europesays.com\/pt\/wp-json\/wp\/v2\/media?parent=164651"}],"wp:term":[{"taxonomy":"category","embeddable":true,"href":"https:\/\/www.europesays.com\/pt\/wp-json\/wp\/v2\/categories?post=164651"},{"taxonomy":"post_tag","embeddable":true,"href":"https:\/\/www.europesays.com\/pt\/wp-json\/wp\/v2\/tags?post=164651"}],"curies":[{"name":"wp","href":"https:\/\/api.w.org\/{rel}","templated":true}]}}