{"id":16466,"date":"2025-08-05T01:12:16","date_gmt":"2025-08-05T01:12:16","guid":{"rendered":"https:\/\/www.europesays.com\/pt\/16466\/"},"modified":"2025-08-05T01:12:16","modified_gmt":"2025-08-05T01:12:16","slug":"familia-de-kina-reage-as-ultimas-discussoes-com-catarina-miranda-e-dao-grito-de-revolta-chega","status":"publish","type":"post","link":"https:\/\/www.europesays.com\/pt\/16466\/","title":{"rendered":"Fam\u00edlia de Kina reage \u00e0s \u00faltimas discuss\u00f5es com Catarina Miranda e d\u00e3o &#8216;grito de revolta&#8217;: &#8220;Chega&#8221;"},"content":{"rendered":"<p>\t\t\t\t\t\t\t\t\t\t\t\t<a href=\"#\" onclick=\"window.open('http:\/\/www.facebook.com\/sharer.php?u=https:\/\/cusquices.com\/familia-de-kina-reage-as-ultimas-discussoes-com-catarina-miranda-e-dao-grito-de-revolta-chega\/&amp;t=Fam\u00edlia de Kina reage \u00e0s \u00faltimas discuss\u00f5es com Catarina Miranda e d\u00e3o \u2018grito de revolta\u2019: \u201cChega\u201d', 'facebookShare', 'width=626,height=436'); return false;\" title=\"Share on Facebook\"><\/p>\n<p>Share<\/p>\n<p><\/a><br \/>\n\t\t\t\t\t\t\t\t\t\t\t\t<a href=\"#\" onclick=\"window.open('http:\/\/twitter.com\/share?text=Fam\u00edlia de Kina reage \u00e0s \u00faltimas discuss\u00f5es com Catarina Miranda e d\u00e3o \u2018grito de revolta\u2019: \u201cChega\u201d -&amp;url=https:\/\/cusquices.com\/familia-de-kina-reage-as-ultimas-discussoes-com-catarina-miranda-e-dao-grito-de-revolta-chega\/', 'twitterShare', 'width=626,height=436'); return false;\" title=\"Tweet This Post\"><\/p>\n<p>Tweet<\/p>\n<p><\/a><br \/>\n\t\t\t\t\t\t\t\t\t\t\t\t<a href=\"whatsapp:\/\/send?text=Fam\u00edlia de Kina reage \u00e0s \u00faltimas discuss\u00f5es com Catarina Miranda e d\u00e3o \u2018grito de revolta\u2019: \u201cChega\u201d https:\/\/cusquices.com\/familia-de-kina-reage-as-ultimas-discussoes-com-catarina-miranda-e-dao-grito-de-revolta-chega\/\" rel=\"nofollow\"><\/p>\n<p>Share<\/p>\n<p><\/a><br \/>\n\t\t\t\t\t\t\t\t\t\t\t\t<a href=\"#\" onclick=\"window.open('http:\/\/pinterest.com\/pin\/create\/button\/?url=https:\/\/cusquices.com\/familia-de-kina-reage-as-ultimas-discussoes-com-catarina-miranda-e-dao-grito-de-revolta-chega\/&amp;media=https:\/\/cusquices.com\/wp-content\/uploads\/2025\/08\/kina-miranda-1000x600.jpg&amp;description=Fam\u00edlia de Kina reage \u00e0s \u00faltimas discuss\u00f5es com Catarina Miranda e d\u00e3o \u2018grito de revolta\u2019: \u201cChega\u201d', 'pinterestShare', 'width=750,height=350'); return false;\" title=\"Pin This Post\"><\/p>\n<p>Share<\/p>\n<p><\/a><br \/>\n\t\t\t\t\t\t\t\t\t\t\t\t<a href=\"mailto:?subject=Fam\u00edlia de Kina reage \u00e0s \u00faltimas discuss\u00f5es com Catarina Miranda e d\u00e3o \u2018grito de revolta\u2019: \u201cChega\u201d&amp;BODY=I found this article interesting and thought of sharing it with you. Check it out: https:\/\/cusquices.com\/familia-de-kina-reage-as-ultimas-discussoes-com-catarina-miranda-e-dao-grito-de-revolta-chega\/\"><\/p>\n<p>Email<\/p>\n<p><\/a><br \/>\n\t\t\t\t\t\t\t\t\t\t\t\t\t\t\t\t\t\t\t\t\t\t\t\t\t\t\t\t\t\t\t\t\t\t\t\t\t\t\t\t\t\t\t\t\t\t\t\t\t\t\t\t\t<a href=\"https:\/\/cusquices.com\/familia-de-kina-reage-as-ultimas-discussoes-com-catarina-miranda-e-dao-grito-de-revolta-chega\/#respond\" rel=\"nofollow noopener\" target=\"_blank\"><\/p>\n<p>Fam\u00edlia de Kina est\u00e1 farta dos \u2018insultos\u2019 e provoca\u00e7\u00f5es de Catarina Miranda e prometem tomar uma posi\u00e7\u00e3o.<\/p>\n<p>O ambiente na casa mais vigiada do pa\u00eds continua ao rubro<strong>.<\/strong> Esta manh\u00e3, 4 de agosto, os \u00e2nimos voltaram a aquecer entre <strong>Kina e Catarina Miranda.<\/strong> As duas concorrentes envolveram-se em novas discuss\u00f5es, com troca de farpas \u00e0 mistura. A fam\u00edlia da estilista j\u00e1 reagiu nas redes sociais e mostrou-se visivelmente indignada com o sucedido.<\/p>\n<p><strong>\u201c\u00c9 o que voc\u00ea \u00e9, \u00e9 rata velha\u201d,<\/strong> atirou Miranda. \u201c<strong>Tu vais engolir tudo, o peixe morre pela l\u00edngua. Tu vais engolir todas as palavras que dizes. (\u2026) N\u00e3o sejas calhandreira, \u00e9 muito feio ser calhandreira. T\u00e3o pequenina e t\u00e3o calhandreira\u201d<\/strong>, reagiu Kina. Pode ver <a href=\"https:\/\/tvi.iol.pt\/bigbrother\/videos\/kina-e-catarina-miranda-em-bate-boca-aceso-vais-engolir-tudo\/68908ce30cf2ba9f720f0c32\" target=\"_blank\" rel=\"noreferrer noopener nofollow\">aqui o v\u00eddeo da acesa discuss\u00e3o entre as duas concorrentes.<\/a><\/p>\n<p>C\u00e1 fora, a fam\u00edlia de Kina mostrou-se indignada e prometem tomar uma posi\u00e7\u00e3o: \u201cChega\u201d, pode ler-se na publica\u00e7\u00e3o. <strong>\u201cSem nenhuma intera\u00e7\u00e3o da KINA, com a Catarina, voltaram as palavras menos bonitas. Hoje tomaremos uma posi\u00e7\u00e3o. N\u00c3O TENS QUE TE METER NA VIDA DA KINA.\u201d<\/strong>, acrescentou a fam\u00edlia da estilista.<\/p>\n<blockquote class=\"instagram-media\" data-instgrm-captioned=\"\" data-instgrm-permalink=\"https:\/\/www.instagram.com\/reel\/DM7pki_i_gU\/?utm_source=ig_embed&amp;utm_campaign=loading\" data-instgrm-version=\"14\" style=\" background:#FFF; border:0; border-radius:3px; box-shadow:0 0 1px 0 rgba(0,0,0,0.5),0 1px 10px 0 rgba(0,0,0,0.15); margin: 1px; max-width:540px; min-width:326px; padding:0; width:99.375%; width:-webkit-calc(100% - 2px); width:calc(100% - 2px);\"\/>\n<p><strong>Leia tamb\u00e9m:<\/strong><\/p>\n<p>\t\t\t\t\t\t\t\t\t\t\t\t\t\t\t\t\t\t\t\t\t\t\t\t\t<img decoding=\"async\" src=\"https:\/\/www.europesays.com\/pt\/wp-content\/uploads\/2025\/07\/cusquices-logo-52x.png\" class=\"webpexpress-processed\"\/><\/p>\n<p>\t\t\t\t\t\t\t\t\t\t\t\t\t\t\t\t\t\t\t\t\t            \t\t\t\t\t\t\t\t\t\t\t\t\t\t\t\t\t\t\t\t\t\t\t\t\t\t\t\t\t\t\t\t\t\t\t\t\t\t\t<script async src=\"https:\/\/platform.twitter.com\/widgets.js\" charset=\"utf-8\"><\/script><script async src=\"\/\/www.instagram.com\/embed.js\"><\/script><\/p>\n","protected":false},"excerpt":{"rendered":"Share Tweet Share Share Email Fam\u00edlia de Kina est\u00e1 farta dos \u2018insultos\u2019 e provoca\u00e7\u00f5es de Catarina Miranda e&hellip;\n","protected":false},"author":2,"featured_media":16467,"comment_status":"","ping_status":"","sticky":false,"template":"","format":"standard","meta":{"footnotes":""},"categories":[8],"tags":[48,27,28,342,49,15,16,14,672,25,26,21,22,12,13,19,20,32,23,24,33,17,18,29,30,31,227],"class_list":{"0":"post-16466","1":"post","2":"type-post","3":"status-publish","4":"format-standard","5":"has-post-thumbnail","7":"category-principais-noticias","8":"tag-big-brother","9":"tag-breaking-news","10":"tag-breakingnews","11":"tag-catarina-miranda","12":"tag-destaques","13":"tag-featured-news","14":"tag-featurednews","15":"tag-headlines","16":"tag-kina","17":"tag-latest-news","18":"tag-latestnews","19":"tag-main-news","20":"tag-mainnews","21":"tag-news","22":"tag-noticias","23":"tag-noticias-principais","24":"tag-noticiasprincipais","25":"tag-portugal","26":"tag-principais-noticias","27":"tag-principaisnoticias","28":"tag-pt","29":"tag-top-stories","30":"tag-topstories","31":"tag-ultimas","32":"tag-ultimas-noticias","33":"tag-ultimasnoticias","34":"tag-videos"},"share_on_mastodon":{"url":"","error":""},"_links":{"self":[{"href":"https:\/\/www.europesays.com\/pt\/wp-json\/wp\/v2\/posts\/16466","targetHints":{"allow":["GET"]}}],"collection":[{"href":"https:\/\/www.europesays.com\/pt\/wp-json\/wp\/v2\/posts"}],"about":[{"href":"https:\/\/www.europesays.com\/pt\/wp-json\/wp\/v2\/types\/post"}],"author":[{"embeddable":true,"href":"https:\/\/www.europesays.com\/pt\/wp-json\/wp\/v2\/users\/2"}],"replies":[{"embeddable":true,"href":"https:\/\/www.europesays.com\/pt\/wp-json\/wp\/v2\/comments?post=16466"}],"version-history":[{"count":0,"href":"https:\/\/www.europesays.com\/pt\/wp-json\/wp\/v2\/posts\/16466\/revisions"}],"wp:featuredmedia":[{"embeddable":true,"href":"https:\/\/www.europesays.com\/pt\/wp-json\/wp\/v2\/media\/16467"}],"wp:attachment":[{"href":"https:\/\/www.europesays.com\/pt\/wp-json\/wp\/v2\/media?parent=16466"}],"wp:term":[{"taxonomy":"category","embeddable":true,"href":"https:\/\/www.europesays.com\/pt\/wp-json\/wp\/v2\/categories?post=16466"},{"taxonomy":"post_tag","embeddable":true,"href":"https:\/\/www.europesays.com\/pt\/wp-json\/wp\/v2\/tags?post=16466"}],"curies":[{"name":"wp","href":"https:\/\/api.w.org\/{rel}","templated":true}]}}