{"id":164665,"date":"2025-11-25T12:29:08","date_gmt":"2025-11-25T12:29:08","guid":{"rendered":"https:\/\/www.europesays.com\/pt\/164665\/"},"modified":"2025-11-25T12:29:08","modified_gmt":"2025-11-25T12:29:08","slug":"apos-internacao-e-procedimento-virginia-reaparece-e-conta-a-verd","status":"publish","type":"post","link":"https:\/\/www.europesays.com\/pt\/164665\/","title":{"rendered":"Ap\u00f3s interna\u00e7\u00e3o e procedimento, Virginia reaparece e conta a verd"},"content":{"rendered":"<p>Na tarde de segunda-feira, 24, a apresentadora e empres\u00e1ria Virginia Fonseca voltou a aparecer na internet ap\u00f3s ter realizado um procedimento a laser no rosto, que a deixou \u201cinternada\u201d em uma cl\u00ednica m\u00e9dica.<\/p>\n<p>Nos Stories do Instagram, a apresentadora do SBT detalhou o tratamento realizado na cara dela, explicando como funciona a t\u00e9cnica geral. \u201cMeu rosto j\u00e1 t\u00e1 ficando vermelho. Babado esse laser, e eu vi falando que eu tinha feito cirurgia.\u00a0<\/p>\n<p>\u201cFiz cirurgia n\u00e3o viu (risos) foi s\u00f3 esse laser mesmo no rosto pra manchas de espinha\u201d, garantiu a namorada do craque Vini Jr., desmentindo que se submeteu a uma opera\u00e7\u00e3o no hospital.<\/p>\n<p>De acordo com o boletim m\u00e9dico, a interven\u00e7\u00e3o est\u00e9tica \u00e9 feita com laser e seda\u00e7\u00e3o para dar mais conforto e causar menos dores para a \u00a0famosa.<\/p>\n<p>Al\u00e9m de admitir sobre a pele, a empres\u00e1ria Virginia Fonseca fez outra revela\u00e7\u00e3o que causou alvoro\u00e7o nas redes sociais. Em uma transmiss\u00e3o ao vivo voltada para promover sua pr\u00f3pria linha de cosm\u00e9ticos na sexta-feira (21\/11), ela fez coment\u00e1rios sobre os costumes de seu namorado, Vini Jr., jogador do Real Madrid.<\/p>\n<p><strong>\u201cEle n\u00e3o usa perfume masculino,\u201d<\/strong> iniciou a rainha de bateria, corrigindo-se em seguida: <strong>\u201cO Vini \u00e9 raro de usar perfume masculino, ele usa mais feminino,\u201d<\/strong> continuou.<\/p>\n","protected":false},"excerpt":{"rendered":"Na tarde de segunda-feira, 24, a apresentadora e empres\u00e1ria Virginia Fonseca voltou a aparecer na internet ap\u00f3s ter&hellip;\n","protected":false},"author":2,"featured_media":164666,"comment_status":"","ping_status":"","sticky":false,"template":"","format":"standard","meta":{"footnotes":""},"categories":[145],"tags":[211,210,114,115,8439,32,33,1446],"class_list":{"0":"post-164665","1":"post","2":"type-post","3":"status-publish","4":"format-standard","5":"has-post-thumbnail","7":"category-celebridades","8":"tag-celebridades","9":"tag-celebrities","10":"tag-entertainment","11":"tag-entretenimento","12":"tag-laser","13":"tag-portugal","14":"tag-pt","15":"tag-virginia-fonseca"},"share_on_mastodon":{"url":"https:\/\/pubeurope.com\/@pt\/115610344690371837","error":""},"_links":{"self":[{"href":"https:\/\/www.europesays.com\/pt\/wp-json\/wp\/v2\/posts\/164665","targetHints":{"allow":["GET"]}}],"collection":[{"href":"https:\/\/www.europesays.com\/pt\/wp-json\/wp\/v2\/posts"}],"about":[{"href":"https:\/\/www.europesays.com\/pt\/wp-json\/wp\/v2\/types\/post"}],"author":[{"embeddable":true,"href":"https:\/\/www.europesays.com\/pt\/wp-json\/wp\/v2\/users\/2"}],"replies":[{"embeddable":true,"href":"https:\/\/www.europesays.com\/pt\/wp-json\/wp\/v2\/comments?post=164665"}],"version-history":[{"count":0,"href":"https:\/\/www.europesays.com\/pt\/wp-json\/wp\/v2\/posts\/164665\/revisions"}],"wp:featuredmedia":[{"embeddable":true,"href":"https:\/\/www.europesays.com\/pt\/wp-json\/wp\/v2\/media\/164666"}],"wp:attachment":[{"href":"https:\/\/www.europesays.com\/pt\/wp-json\/wp\/v2\/media?parent=164665"}],"wp:term":[{"taxonomy":"category","embeddable":true,"href":"https:\/\/www.europesays.com\/pt\/wp-json\/wp\/v2\/categories?post=164665"},{"taxonomy":"post_tag","embeddable":true,"href":"https:\/\/www.europesays.com\/pt\/wp-json\/wp\/v2\/tags?post=164665"}],"curies":[{"name":"wp","href":"https:\/\/api.w.org\/{rel}","templated":true}]}}