{"id":164681,"date":"2025-11-25T12:42:11","date_gmt":"2025-11-25T12:42:11","guid":{"rendered":"https:\/\/www.europesays.com\/pt\/164681\/"},"modified":"2025-11-25T12:42:11","modified_gmt":"2025-11-25T12:42:11","slug":"o-caso-de-nuno-markl-leva-nos-a-pensar-os-caes-podem-mesmo-pressentir-que-o-dono-esta-a-ter-um-avc-temos-a-resposta-pets-and-company","status":"publish","type":"post","link":"https:\/\/www.europesays.com\/pt\/164681\/","title":{"rendered":"O caso de Nuno Markl leva-nos a pensar: os c\u00e3es podem mesmo pressentir que o dono est\u00e1 a ter um AVC? Temos a resposta! &#8211; Pets and Company"},"content":{"rendered":"<p>                    09:07<\/p>\n<p>H\u00e1 muitos doentes e familiares que recordam um detalhe em comum: no dia do AVC, o c\u00e3o l\u00e1 de casa estava diferente.<\/p>\n<p class=\"\">&#13;<br \/>\n        Quando se fala de c\u00e3es a adivinharem as doen\u00e7as dos donos, \u00e9 f\u00e1cil entrar em terreno de mito. No caso do AVC (Acidente Vascular Cerebral), a pergunta imp\u00f5e-se: podem eles mesmo sentir que um AVC est\u00e1 a acontecer ou prestes a acontecer?&#13;\n    <\/p>\n<p class=\"\">&#13;<br \/>\n        H\u00e1 j\u00e1 bastante investiga\u00e7\u00e3o a mostrar que os c\u00e3es conseguem detetar algumas doen\u00e7as, como reconhecer quedas de a\u00e7\u00facar em pessoas com diabetes, atrav\u00e9s do cheiro, alertar para crises epil\u00e9ticas e at\u00e9 reconhecer o cancro, atrav\u00e9s da identifica\u00e7\u00e3o de compostos espec\u00edficos no h\u00e1lito, urina ou suor. Nestes casos, os c\u00e3es reagem a altera\u00e7\u00f5es qu\u00edmicas e mudan\u00e7as de comportamentos que os humanos n\u00e3o conseguem notar t\u00e3o cedo. Leia o artigo na \u00edntegra no <b><a href=\"https:\/\/www.petsandcompany.pt\/saude\/detalhe\/o-caso-de-nuno-markl-leva-nos-a-pensar-os-caes-podem-mesmo-pressentir-que-o-dono-esta-a-ter-um-avc-nos-temos-a-resposta\" title=\"Os c\u00e3es podem mesmo pressentir que o dono est\u00e1 a ter um AVC? Temos a resposta\" target=\"_blank\" rel=\"tag nofollow noopener\">Pets and Company<\/a><\/b>.&#13;\n    <\/p>\n","protected":false},"excerpt":{"rendered":"09:07 H\u00e1 muitos doentes e familiares que recordam um detalhe em comum: no dia do AVC, o c\u00e3o&hellip;\n","protected":false},"author":2,"featured_media":164682,"comment_status":"","ping_status":"","sticky":false,"template":"","format":"standard","meta":{"footnotes":""},"categories":[8],"tags":[27,28,15,16,14,25,26,21,22,12,13,19,20,32,23,24,33,17,18,29,30,31],"class_list":{"0":"post-164681","1":"post","2":"type-post","3":"status-publish","4":"format-standard","5":"has-post-thumbnail","7":"category-principais-noticias","8":"tag-breaking-news","9":"tag-breakingnews","10":"tag-featured-news","11":"tag-featurednews","12":"tag-headlines","13":"tag-latest-news","14":"tag-latestnews","15":"tag-main-news","16":"tag-mainnews","17":"tag-news","18":"tag-noticias","19":"tag-noticias-principais","20":"tag-noticiasprincipais","21":"tag-portugal","22":"tag-principais-noticias","23":"tag-principaisnoticias","24":"tag-pt","25":"tag-top-stories","26":"tag-topstories","27":"tag-ultimas","28":"tag-ultimas-noticias","29":"tag-ultimasnoticias"},"share_on_mastodon":{"url":"https:\/\/pubeurope.com\/@pt\/115610396001249993","error":""},"_links":{"self":[{"href":"https:\/\/www.europesays.com\/pt\/wp-json\/wp\/v2\/posts\/164681","targetHints":{"allow":["GET"]}}],"collection":[{"href":"https:\/\/www.europesays.com\/pt\/wp-json\/wp\/v2\/posts"}],"about":[{"href":"https:\/\/www.europesays.com\/pt\/wp-json\/wp\/v2\/types\/post"}],"author":[{"embeddable":true,"href":"https:\/\/www.europesays.com\/pt\/wp-json\/wp\/v2\/users\/2"}],"replies":[{"embeddable":true,"href":"https:\/\/www.europesays.com\/pt\/wp-json\/wp\/v2\/comments?post=164681"}],"version-history":[{"count":0,"href":"https:\/\/www.europesays.com\/pt\/wp-json\/wp\/v2\/posts\/164681\/revisions"}],"wp:featuredmedia":[{"embeddable":true,"href":"https:\/\/www.europesays.com\/pt\/wp-json\/wp\/v2\/media\/164682"}],"wp:attachment":[{"href":"https:\/\/www.europesays.com\/pt\/wp-json\/wp\/v2\/media?parent=164681"}],"wp:term":[{"taxonomy":"category","embeddable":true,"href":"https:\/\/www.europesays.com\/pt\/wp-json\/wp\/v2\/categories?post=164681"},{"taxonomy":"post_tag","embeddable":true,"href":"https:\/\/www.europesays.com\/pt\/wp-json\/wp\/v2\/tags?post=164681"}],"curies":[{"name":"wp","href":"https:\/\/api.w.org\/{rel}","templated":true}]}}