{"id":164715,"date":"2025-11-25T13:14:24","date_gmt":"2025-11-25T13:14:24","guid":{"rendered":"https:\/\/www.europesays.com\/pt\/164715\/"},"modified":"2025-11-25T13:14:24","modified_gmt":"2025-11-25T13:14:24","slug":"aluna-corta-se-em-vidro-partido-durante-troca-de-agressoes-na-escola","status":"publish","type":"post","link":"https:\/\/www.europesays.com\/pt\/164715\/","title":{"rendered":"Aluna corta-se em vidro partido durante troca de agress\u00f5es na escola\u00a0"},"content":{"rendered":"<p>\t                A frequentar aquele estabelecimento de ensino h\u00e1 cerca de dois meses, a aluna j\u00e1 se ter\u00e1 envolvida noutros desacatos, no final do m\u00eas de outubro<\/p>\n<p>Uma aluna do 8\u00ba ano ficou ferida numa m\u00e3o ao cortar-se num vidro que a pr\u00f3pria partiu, depois de tentar agredir estudantes de outra turma. O alerta foi dado esta segunda-feira durante a hora de almo\u00e7o na Escola B\u00e1sica Integrada com Jardim de Inf\u00e2ncia Ana Maria Ferreira Gordo, no Crato, distrito de Portalegre. \u201cOcorreu tudo entre as 13 e 14 horas. Come\u00e7ou com uns desentendimentos entre alunos e acabou com menor ferida\u201d, explicou fonte da GNR.\u00a0<\/p>\n<p>Ao que apurou a CNN Portugal, durante os desentendimentos existiram trocas de pontap\u00e9s e murros. At\u00e9 os funcion\u00e1rios da escola tentarem acalmar os \u00e2nimos. Ter\u00e1 sido nesse momento que a aluna partiu o vidro e ficou ferida, sendo transportada para o Hospital Dr. Jos\u00e9 Maria Grande, em Portalegre, pelos Bombeiros Volunt\u00e1rios do Crato. A menor teve de ser suturada.\u00a0<\/p>\n<p>A Guarda Nacional Republicana, assim como os encarregados de educa\u00e7\u00e3o dos alunos envolvidos, foram chamados ao estabelecimento de ensino. Contactada pela CNN Portugal, a dire\u00e7\u00e3o da escola n\u00e3o se mostrou dispon\u00edvel para prestar declara\u00e7\u00f5es.\u00a0<\/p>\n<p>A frequentar aquele estabelecimento de ensino h\u00e1 cerca de dois meses, a aluna j\u00e1 se ter\u00e1 envolvida noutros desacatos, no final do m\u00eas de outubro.<\/p>\n","protected":false},"excerpt":{"rendered":"A frequentar aquele estabelecimento de ensino h\u00e1 cerca de dois meses, a aluna j\u00e1 se ter\u00e1 envolvida noutros&hellip;\n","protected":false},"author":2,"featured_media":164716,"comment_status":"","ping_status":"","sticky":false,"template":"","format":"standard","meta":{"footnotes":""},"categories":[10],"tags":[609,34855,836,611,27,28,607,608,333,34857,28468,832,604,34856,135,610,476,15,16,301,830,14,603,25,26,570,21,22,831,833,62,834,12,13,19,20,835,602,52,9804,32,23,24,33,17,18,29,30,31],"class_list":{"0":"post-164715","1":"post","2":"type-post","3":"status-publish","4":"format-standard","5":"has-post-thumbnail","7":"category-portugal","8":"tag-alerta","9":"tag-aluna","10":"tag-analise","11":"tag-ao-minuto","12":"tag-breaking-news","13":"tag-breakingnews","14":"tag-cnn","15":"tag-cnn-portugal","16":"tag-comentadores","17":"tag-corta-se","18":"tag-corte","19":"tag-costa","20":"tag-crime","21":"tag-desentendimentos","22":"tag-desporto","23":"tag-direto","24":"tag-economia","25":"tag-featured-news","26":"tag-featurednews","27":"tag-governo","28":"tag-guerra","29":"tag-headlines","30":"tag-justica","31":"tag-latest-news","32":"tag-latestnews","33":"tag-live","34":"tag-main-news","35":"tag-mainnews","36":"tag-mais-vistas","37":"tag-marcelo","38":"tag-mundo","39":"tag-negocios","40":"tag-news","41":"tag-noticias","42":"tag-noticias-principais","43":"tag-noticiasprincipais","44":"tag-opiniao","45":"tag-pais","46":"tag-politica","47":"tag-portalegre","48":"tag-portugal","49":"tag-principais-noticias","50":"tag-principaisnoticias","51":"tag-pt","52":"tag-top-stories","53":"tag-topstories","54":"tag-ultimas","55":"tag-ultimas-noticias","56":"tag-ultimasnoticias"},"share_on_mastodon":{"url":"","error":"Validation failed: Text character limit of 500 exceeded"},"_links":{"self":[{"href":"https:\/\/www.europesays.com\/pt\/wp-json\/wp\/v2\/posts\/164715","targetHints":{"allow":["GET"]}}],"collection":[{"href":"https:\/\/www.europesays.com\/pt\/wp-json\/wp\/v2\/posts"}],"about":[{"href":"https:\/\/www.europesays.com\/pt\/wp-json\/wp\/v2\/types\/post"}],"author":[{"embeddable":true,"href":"https:\/\/www.europesays.com\/pt\/wp-json\/wp\/v2\/users\/2"}],"replies":[{"embeddable":true,"href":"https:\/\/www.europesays.com\/pt\/wp-json\/wp\/v2\/comments?post=164715"}],"version-history":[{"count":0,"href":"https:\/\/www.europesays.com\/pt\/wp-json\/wp\/v2\/posts\/164715\/revisions"}],"wp:featuredmedia":[{"embeddable":true,"href":"https:\/\/www.europesays.com\/pt\/wp-json\/wp\/v2\/media\/164716"}],"wp:attachment":[{"href":"https:\/\/www.europesays.com\/pt\/wp-json\/wp\/v2\/media?parent=164715"}],"wp:term":[{"taxonomy":"category","embeddable":true,"href":"https:\/\/www.europesays.com\/pt\/wp-json\/wp\/v2\/categories?post=164715"},{"taxonomy":"post_tag","embeddable":true,"href":"https:\/\/www.europesays.com\/pt\/wp-json\/wp\/v2\/tags?post=164715"}],"curies":[{"name":"wp","href":"https:\/\/api.w.org\/{rel}","templated":true}]}}