{"id":164717,"date":"2025-11-25T13:17:09","date_gmt":"2025-11-25T13:17:09","guid":{"rendered":"https:\/\/www.europesays.com\/pt\/164717\/"},"modified":"2025-11-25T13:17:09","modified_gmt":"2025-11-25T13:17:09","slug":"virginia-se-assusta-com-o-proprio-rosto-durante-recuperacao-de-procedimento-facial-vermelha-confira","status":"publish","type":"post","link":"https:\/\/www.europesays.com\/pt\/164717\/","title":{"rendered":"Virginia se assusta com o pr\u00f3prio rosto durante recupera\u00e7\u00e3o de procedimento facial: &#8216;Vermelha&#8217;; confira!"},"content":{"rendered":"\n<p class=\" content-text__container \" data-track-category=\"Link no Texto\" data-track-links=\"\"> <a class=\"\" href=\"https:\/\/revistaquem.globo.com\/moda-e-beleza\/estetica\/noticia\/2025\/11\/virginia-fonseca-realiza-procedimento-para-cicatrizes-de-acne.ghtml\" rel=\"nofollow noopener\" target=\"_blank\">No \u00faltimo s\u00e1bado (22), Virginia abriu uma caixinha de perguntas no Instagram e foi questionada<\/a>: &#8220;Por que seu rosto vive cheio de manchas e espinhas?&#8221;. Ela explicou que sua pele mudou ap\u00f3s a gesta\u00e7\u00e3o de <strong>Maria Flor<\/strong>, sua segunda filha com o ex-marido, <strong>Z\u00e9 Felipe, <\/strong>e antes do terceiro beb\u00ea, <strong>Jos\u00e9 Leonardo<\/strong>. &#8220;Quando eu tive a Flor, queria muito engravidar logo em seguida e n\u00e3o estava acontecendo, ent\u00e3o, tomei horm\u00f4nio para engravidar. Esses horm\u00f4nios me deram muitas espinhas. Eu n\u00e3o tinha nada&#8221;, lembrou a namorada de <strong>Vini Jr.<\/strong> <\/p>\n","protected":false},"excerpt":{"rendered":"No \u00faltimo s\u00e1bado (22), Virginia abriu uma caixinha de perguntas no Instagram e foi questionada: &#8220;Por que seu&hellip;\n","protected":false},"author":2,"featured_media":164718,"comment_status":"","ping_status":"","sticky":false,"template":"","format":"standard","meta":{"footnotes":""},"categories":[145],"tags":[211,210,114,115,32,33,1446],"class_list":{"0":"post-164717","1":"post","2":"type-post","3":"status-publish","4":"format-standard","5":"has-post-thumbnail","7":"category-celebridades","8":"tag-celebridades","9":"tag-celebrities","10":"tag-entertainment","11":"tag-entretenimento","12":"tag-portugal","13":"tag-pt","14":"tag-virginia-fonseca"},"share_on_mastodon":{"url":"https:\/\/pubeurope.com\/@pt\/115610533468655145","error":""},"_links":{"self":[{"href":"https:\/\/www.europesays.com\/pt\/wp-json\/wp\/v2\/posts\/164717","targetHints":{"allow":["GET"]}}],"collection":[{"href":"https:\/\/www.europesays.com\/pt\/wp-json\/wp\/v2\/posts"}],"about":[{"href":"https:\/\/www.europesays.com\/pt\/wp-json\/wp\/v2\/types\/post"}],"author":[{"embeddable":true,"href":"https:\/\/www.europesays.com\/pt\/wp-json\/wp\/v2\/users\/2"}],"replies":[{"embeddable":true,"href":"https:\/\/www.europesays.com\/pt\/wp-json\/wp\/v2\/comments?post=164717"}],"version-history":[{"count":0,"href":"https:\/\/www.europesays.com\/pt\/wp-json\/wp\/v2\/posts\/164717\/revisions"}],"wp:featuredmedia":[{"embeddable":true,"href":"https:\/\/www.europesays.com\/pt\/wp-json\/wp\/v2\/media\/164718"}],"wp:attachment":[{"href":"https:\/\/www.europesays.com\/pt\/wp-json\/wp\/v2\/media?parent=164717"}],"wp:term":[{"taxonomy":"category","embeddable":true,"href":"https:\/\/www.europesays.com\/pt\/wp-json\/wp\/v2\/categories?post=164717"},{"taxonomy":"post_tag","embeddable":true,"href":"https:\/\/www.europesays.com\/pt\/wp-json\/wp\/v2\/tags?post=164717"}],"curies":[{"name":"wp","href":"https:\/\/api.w.org\/{rel}","templated":true}]}}