{"id":164721,"date":"2025-11-25T13:21:09","date_gmt":"2025-11-25T13:21:09","guid":{"rendered":"https:\/\/www.europesays.com\/pt\/164721\/"},"modified":"2025-11-25T13:21:09","modified_gmt":"2025-11-25T13:21:09","slug":"dua-lipa-no-rio-a-diva-pop-que-encantou-a-todos-com-sua-simpatia-e-humildade-gardenia-cavalcanti","status":"publish","type":"post","link":"https:\/\/www.europesays.com\/pt\/164721\/","title":{"rendered":"Dua Lipa no Rio: a diva pop que encantou a todos com sua simpatia e humildade | Gard\u00eania Cavalcanti"},"content":{"rendered":"<p>                                        Diva pop com alma carioca por alguns dias &#8211; Reprodu\u00e7\u00e3o\/Instagram<\/p>\n<p class=\"content-media__description\">Diva pop com alma carioca por alguns diasReprodu\u00e7\u00e3o\/Instagram<\/p>\n<p>                            Publicado 25\/11\/2025 09:32\n                    <\/p>\n<p>Ol\u00e1, meninas!<\/p>\n<p>Gente, voc\u00ea viu como a Dua Lipa deu um verdadeiro close carioca? Tipo, ela n\u00e3o veio s\u00f3 arrasar no palco \u2014 ela se jogou na vibe do Rio e mostrou que \u00e9 gente como a gente <\/p>\n<p>Ela esteve na cidade maravilhosa para a sua turn\u00ea Radical Optimism e\u00a0fez um show incr\u00edvel no \u00faltimo s\u00e1bado, na \u00e1rea externa da Farmasi Arena. <\/p>\n<p>Mas agora, deixa eu te contar: fora dos palcos, a Dua foi super carinhosa com a cidade e com a nossa cultura \u2014 e isso me deixou apaixonada por ela ainda mais.<\/p>\n<p>Primeiro, ela fez quest\u00e3o de jantar em restaurantes na Zona Sul, com a presen\u00e7a de in\u00fameros f\u00e3s ao redor. Ou seja, em vez de se reservar em lugares mais fechados, a diva pop n\u00e3o se escondeu e fez quest\u00e3o de ser &#8220;gente como a gente&#8221;. <\/p>\n<p>Ela tamb\u00e9m fez aquele passeio cl\u00e1ssico: foi ao Cristo Redentor com a fam\u00edlia, num momento de contempla\u00e7\u00e3o e carinho, parando para fotos, conhecendo a capela e at\u00e9 recebendo presentes simb\u00f3licos do santu\u00e1rio. <\/p>\n<p>Gente, que imagem linda: a Dua parada ali, de frente para a cidade iluminada, absorvendo a energia do Rio \u2014 \u00e9 o tipo de conex\u00e3o que mostra como ela respeita e admira o lugar em que est\u00e1.<\/p>\n<p>&#13;<br \/>\n&#13;<br \/>\n<\/p>\n<p>E, se achava que ela s\u00f3 ia passear, se enganou, porque ela ainda entrou no samba! A Dua foi vista no ensaio da Unidos de Vila Isabel, com a Sabrina Sato \u2014 dan\u00e7ando, subindo no palco, tirando fotos, se divertindo de verdade. <\/p>\n<p>Essa parte \u00e9 t\u00e3o fofa: n\u00e3o \u00e9 s\u00f3 artista pop de outro planeta, ela t\u00e1 ali, no meio da bateria, rindo, se rendendo ao ritmo do Rio.<\/p>\n<p>E pra completar o pacote de carioca raiz, ela ainda foi assistir ao cl\u00e1ssico Flamengo x Fluminense no Maracan\u00e3 com a fam\u00edlia. <\/p>\n<p>Imagina s\u00f3 a Dua, vibrando com a torcida, sentindo a emo\u00e7\u00e3o do jogo \u2014 mais prova de que ela ama experimentar a cidade de verdade, n\u00e3o s\u00f3 por imagem ou turismo.<\/p>\n<p>Inclusive, no Instagram ela postou aquele \u00e1lbum de cliques super \u00edntimo: baralho num bar com a fam\u00edlia, sol na sacada do hotel, paisagens cariocas\u2026 E na legenda, escreveu \u201cRio no meu cora\u00e7\u00e3o\u201d. <\/p>\n<p>Amo demais quando artistas t\u00eam esse cora\u00e7\u00e3o aberto \u2014 n\u00e3o \u00e9 s\u00f3 glamour, \u00e9 conex\u00e3o de alma.<\/p>\n<p>Tudo isso mostra o qu\u00e3o carism\u00e1tica e terna Dua Lipa \u00e9: al\u00e9m de diva pop, ela \u00e9 uma pessoa que abra\u00e7a novas culturas, sorri genuinamente, se rende \u00e0 felicidade simples de estar num lugar bonito e cheio de vida. Ela tratou o Rio com tanto carinho \u2014 e, de volta, o Rio parece estar caidinho por ela tamb\u00e9m.<\/p>\n<p>Enfim, essa \u00e9 Dua Lipa. O tipo de mulher que mostra quando a fama n\u00e3o sobe a cabe\u00e7a. Gente como a gente, sem frescura. E no Rio, ela se conectou de um jeito t\u00e3o real\u2026 d\u00e1 at\u00e9 vontade de dar um abra\u00e7o nela (e pedir um feat, n\u00e9?).<\/p>\n<p>Me sigam nas redes sociais (@gardeniacavalcanti) e me acompanhem ao vivo no programa Vem com a Gente, transmitido de segunda a sexta na tela da Band Rio, a partir das 13h40.<\/p>\n","protected":false},"excerpt":{"rendered":"Diva pop com alma carioca por alguns dias &#8211; Reprodu\u00e7\u00e3o\/Instagram Diva pop com alma carioca por alguns diasReprodu\u00e7\u00e3o\/Instagram&hellip;\n","protected":false},"author":2,"featured_media":164722,"comment_status":"","ping_status":"","sticky":false,"template":"","format":"standard","meta":{"footnotes":""},"categories":[141],"tags":[1639,114,115,149,150,32,33,2326,574],"class_list":{"0":"post-164721","1":"post","2":"type-post","3":"status-publish","4":"format-standard","5":"has-post-thumbnail","7":"category-musica","8":"tag-dua-lipa","9":"tag-entertainment","10":"tag-entretenimento","11":"tag-music","12":"tag-musica","13":"tag-portugal","14":"tag-pt","15":"tag-rio-de-janeiro","16":"tag-show"},"share_on_mastodon":{"url":"https:\/\/pubeurope.com\/@pt\/115610549353035857","error":""},"_links":{"self":[{"href":"https:\/\/www.europesays.com\/pt\/wp-json\/wp\/v2\/posts\/164721","targetHints":{"allow":["GET"]}}],"collection":[{"href":"https:\/\/www.europesays.com\/pt\/wp-json\/wp\/v2\/posts"}],"about":[{"href":"https:\/\/www.europesays.com\/pt\/wp-json\/wp\/v2\/types\/post"}],"author":[{"embeddable":true,"href":"https:\/\/www.europesays.com\/pt\/wp-json\/wp\/v2\/users\/2"}],"replies":[{"embeddable":true,"href":"https:\/\/www.europesays.com\/pt\/wp-json\/wp\/v2\/comments?post=164721"}],"version-history":[{"count":0,"href":"https:\/\/www.europesays.com\/pt\/wp-json\/wp\/v2\/posts\/164721\/revisions"}],"wp:featuredmedia":[{"embeddable":true,"href":"https:\/\/www.europesays.com\/pt\/wp-json\/wp\/v2\/media\/164722"}],"wp:attachment":[{"href":"https:\/\/www.europesays.com\/pt\/wp-json\/wp\/v2\/media?parent=164721"}],"wp:term":[{"taxonomy":"category","embeddable":true,"href":"https:\/\/www.europesays.com\/pt\/wp-json\/wp\/v2\/categories?post=164721"},{"taxonomy":"post_tag","embeddable":true,"href":"https:\/\/www.europesays.com\/pt\/wp-json\/wp\/v2\/tags?post=164721"}],"curies":[{"name":"wp","href":"https:\/\/api.w.org\/{rel}","templated":true}]}}