{"id":164732,"date":"2025-11-25T13:29:29","date_gmt":"2025-11-25T13:29:29","guid":{"rendered":"https:\/\/www.europesays.com\/pt\/164732\/"},"modified":"2025-11-25T13:29:29","modified_gmt":"2025-11-25T13:29:29","slug":"governo-anuncia-linha-de-financiamento-para-requalificar-urgencias","status":"publish","type":"post","link":"https:\/\/www.europesays.com\/pt\/164732\/","title":{"rendered":"Governo anuncia linha de financiamento para requalificar urg\u00eancias"},"content":{"rendered":"<p data-remotead-prev-elm=\"true\" data-remotead-elm-id=\"inread\">&#8220;Existem urg\u00eancias por esse pa\u00eds fora que t\u00eam que ser requalificadas, precisam de obras fundamentais, porque n\u00e3o \u00e9 poss\u00edvel continuar a trabalhar nas condi\u00e7\u00f5es em que algumas das urg\u00eancias hoje est\u00e3o a trabalhar. A Guarda \u00e9 um exemplo, Beja, onde estive na semana passada, \u00e9 outro, mas h\u00e1 mais casos&#8221;, disse Ana Paula Martins.<\/p>\n<p>A ministra da Sa\u00fade falava aos jornalistas durante a visita \u00e0 Unidade Local de Sa\u00fade (ULS) da Guarda, no \u00e2mbito da prepara\u00e7\u00e3o do Servi\u00e7o Nacional de Sa\u00fade (SNS) para o per\u00edodo de inverno, e onde reuniu com o conselho de administra\u00e7\u00e3o e inaugurou o Departamento da Sa\u00fade da Mulher e da Crian\u00e7a.<\/p>\n<p>A governante adiantou que as interven\u00e7\u00f5es s\u00e3o necess\u00e1rias para os doentes, &#8220;por uma quest\u00e3o de humaniza\u00e7\u00e3o&#8221;, mas tamb\u00e9m para que os circuitos &#8220;possam ser organizados da forma mais adequada&#8221;, uma vez que &#8220;a urg\u00eancia \u00e9 uma \u00e1rea dif\u00edcil,<\/p>\n<p data-remotead-prev-elm=\"true\" data-remotead-elm-id=\"centro1\">&#8220;A urg\u00eancia n\u00e3o tem os circuitos adequados que precisamos para que os doentes sejam recebidos, triados, encaminhados e depois fiquem em observa\u00e7\u00e3o o tempo que precisam. N\u00e3o podem \u00e9 ficar em corredores e, neste momento, est\u00e3o em corredores, mas n\u00e3o \u00e9 de agora, est\u00e3o em corredores h\u00e1 muitos anos&#8221;.<\/p>\n<p>Ana Paula Martins real\u00e7ou que as obras permitir\u00e3o tamb\u00e9m aos profissionais de sa\u00fade continuar a trabalhar em melhores condi\u00e7\u00f5es e a prestar melhores cuidados.<\/p>\n<p>&#8220;N\u00e3o \u00e9 poss\u00edvel termos instala\u00e7\u00f5es como temos e fazer o que se faz, apesar do esfor\u00e7o imenso, do sacrif\u00edcio e abnega\u00e7\u00e3o das equipas, que \u00e9 transversal a todo o SNS&#8221;, considerou.<\/p>\n<p data-remotead-prev-elm=\"true\" data-remotead-elm-id=\"centro2\">Al\u00e9m do investimento na melhoria das infraestruturas, a ministra da Sa\u00fade disse que tamb\u00e9m faltam &#8220;alguns equipamentos&#8221; e que o Governo vai continuar a investir em TAC&#8221;s, ec\u00f3grafos, resson\u00e2ncias magn\u00e9ticas e Imagiologia.<\/p>\n<p>&#8220;Estamos a usar o PRR para isso e a privilegiar unidades de sa\u00fade, como a da Guarda, mas sobretudo no interior do pa\u00eds, que foram ficando para tr\u00e1s em \u00e1reas cir\u00fargicas, de diagn\u00f3stico e imagem, e que temos que conseguir compensar agora para recuperar o atraso de mais de duas d\u00e9cadas&#8221;, afirmou.<\/p>\n<p>A ministra disse estar convencida que conseguiram &#8220;fazer por uma quest\u00e3o de pragmatismo, at\u00e9 de calend\u00e1rio&#8221;.<\/p>\n<p data-remotead-prev-elm=\"true\" data-remotead-elm-id=\"centro3\">A governante acrescentou que \u00e9 igualmente necess\u00e1rio atrair recursos humanos, o que pode ser &#8220;mais f\u00e1cil&#8221; com obras e equipamentos nos servi\u00e7os.<\/p>\n<p>Mas ter urg\u00eancias com melhores instala\u00e7\u00f5es e bem equipadas n\u00e3o basta, segundo Ana Paula Martins, tamb\u00e9m \u00e9 preciso melhorar a articula\u00e7\u00e3o com os cuidados de sa\u00fade prim\u00e1rios.<\/p>\n<p>&#8220;A pergunta que fa\u00e7o \u00e9 porque nos v\u00eam parar tantos doentes verdes e azuis \u00e0s urg\u00eancias, aqueles que precisam de acompanhamento, tantos doentes de lares, que v\u00eam aqui parar quando n\u00e3o precisavam, portanto, temos que organizar melhor os circuitos&#8221;, considerou.<\/p>\n<p data-remotead-prev-elm=\"true\" data-remotead-elm-id=\"centro4\">A ministra recordou que as ULS integram cuidados de sa\u00fade prim\u00e1rios e que \u00e9 preciso funcionarem para triar a doen\u00e7a menos urgente.<\/p>\n<p>&#8220;Melhor\u00e1mos do ano passado para este, retir\u00e1mos cerca de 40 por cento das urg\u00eancias da doen\u00e7a aguda, considerada menos urgente, para atendimentos complementares nos cuidados de sa\u00fade prim\u00e1rios, aquilo que chamamos consulta diferida&#8221;, revelou.<\/p>\n<p>Segundo a governante, isso foi conseguido sobretudo atrav\u00e9s da Linha SOS 24, mas n\u00e3o pode ser s\u00f3 por essa via.<\/p>\n<p>&#8220;Temos que ter respostas de proximidade e os centros de sa\u00fade, que, hoje, a maioria \u00e9 modelo B, tenho a certeza que podemos melhorar muito a esse n\u00edvel tamb\u00e9m e esse \u00e9 o desafio que temos para os profissionais dos cuidados de sa\u00fade prim\u00e1rios&#8221;, concluiu.<\/p>\n","protected":false},"excerpt":{"rendered":"&#8220;Existem urg\u00eancias por esse pa\u00eds fora que t\u00eam que ser requalificadas, precisam de obras fundamentais, porque n\u00e3o \u00e9&hellip;\n","protected":false},"author":2,"featured_media":164733,"comment_status":"","ping_status":"","sticky":false,"template":"","format":"standard","meta":{"footnotes":""},"categories":[10],"tags":[27,28,15,16,14,25,26,21,22,1703,619,12,13,19,20,32,23,24,33,2649,17,18,29,30,31,6954],"class_list":{"0":"post-164732","1":"post","2":"type-post","3":"status-publish","4":"format-standard","5":"has-post-thumbnail","7":"category-portugal","8":"tag-breaking-news","9":"tag-breakingnews","10":"tag-featured-news","11":"tag-featurednews","12":"tag-headlines","13":"tag-latest-news","14":"tag-latestnews","15":"tag-main-news","16":"tag-mainnews","17":"tag-ministerio-da-saude","18":"tag-nacional","19":"tag-news","20":"tag-noticias","21":"tag-noticias-principais","22":"tag-noticiasprincipais","23":"tag-portugal","24":"tag-principais-noticias","25":"tag-principaisnoticias","26":"tag-pt","27":"tag-sns","28":"tag-top-stories","29":"tag-topstories","30":"tag-ultimas","31":"tag-ultimas-noticias","32":"tag-ultimasnoticias","33":"tag-urgencias"},"share_on_mastodon":{"url":"https:\/\/pubeurope.com\/@pt\/115610580598346810","error":""},"_links":{"self":[{"href":"https:\/\/www.europesays.com\/pt\/wp-json\/wp\/v2\/posts\/164732","targetHints":{"allow":["GET"]}}],"collection":[{"href":"https:\/\/www.europesays.com\/pt\/wp-json\/wp\/v2\/posts"}],"about":[{"href":"https:\/\/www.europesays.com\/pt\/wp-json\/wp\/v2\/types\/post"}],"author":[{"embeddable":true,"href":"https:\/\/www.europesays.com\/pt\/wp-json\/wp\/v2\/users\/2"}],"replies":[{"embeddable":true,"href":"https:\/\/www.europesays.com\/pt\/wp-json\/wp\/v2\/comments?post=164732"}],"version-history":[{"count":0,"href":"https:\/\/www.europesays.com\/pt\/wp-json\/wp\/v2\/posts\/164732\/revisions"}],"wp:featuredmedia":[{"embeddable":true,"href":"https:\/\/www.europesays.com\/pt\/wp-json\/wp\/v2\/media\/164733"}],"wp:attachment":[{"href":"https:\/\/www.europesays.com\/pt\/wp-json\/wp\/v2\/media?parent=164732"}],"wp:term":[{"taxonomy":"category","embeddable":true,"href":"https:\/\/www.europesays.com\/pt\/wp-json\/wp\/v2\/categories?post=164732"},{"taxonomy":"post_tag","embeddable":true,"href":"https:\/\/www.europesays.com\/pt\/wp-json\/wp\/v2\/tags?post=164732"}],"curies":[{"name":"wp","href":"https:\/\/api.w.org\/{rel}","templated":true}]}}