{"id":164767,"date":"2025-11-25T13:58:35","date_gmt":"2025-11-25T13:58:35","guid":{"rendered":"https:\/\/www.europesays.com\/pt\/164767\/"},"modified":"2025-11-25T13:58:35","modified_gmt":"2025-11-25T13:58:35","slug":"sauditas-muito-interessados-em-portugal-ja-vemos-ronaldo-como-um-saudita","status":"publish","type":"post","link":"https:\/\/www.europesays.com\/pt\/164767\/","title":{"rendered":"sauditas muito interessados em Portugal. &#8220;J\u00e1 vemos Ronaldo como um saudita&#8221;"},"content":{"rendered":"<p class=\"wp-caption-text top\">C\u00e2mara Municipal de Oeiras<\/p>\n<p><img decoding=\"async\" loading=\"lazy\" class=\"size-kopa-image-size-3 wp-image-713341\" src=\"https:\/\/www.europesays.com\/pt\/wp-content\/uploads\/2025\/11\/0a3d982479897ff032f54cfd99b76815-783x450.jpg\" alt=\"\" width=\"700\" height=\"402\"  \/><\/p>\n<p class=\"wp-caption-text bot\">Alwalid Albaltan, Presidente do Conselho Empresarial Saudita-Portugu\u00eas<\/p>\n<p><strong>\u201cOs empres\u00e1rios sauditas est\u00e3o muito interessados e querem ter um caminho certo para investir em Portugal\u201d, destacou Alwalid Albaltan.<\/strong><\/p>\n<p>O presidente do conselho empresarial Ar\u00e1bia Saudita-Portugal disse \u00e0 Lusa que a economia saudita est\u00e1 em forte expans\u00e3o, apontando oportunidades para empresas portuguesas e o interesse saudita em investir em setores como turismo, ind\u00fastria, agricultura e energia.<\/p>\n<p>\u201c<strong>Os empres\u00e1rios sauditas est\u00e3o muito interessados e querem ter um caminho certo para investir em Portugal<\/strong>\u201d, destacou Alwalid Albaltan em Riade, onde come\u00e7ou uma visita de dois dias do ministro da Economia e da Coes\u00e3o Territorial, Manuel Castro Almeida, que visa refor\u00e7ar as rela\u00e7\u00f5es econ\u00f3micas bilaterais.<\/p>\n<p>O Conselho Empresarial Ar\u00e1bia Saudita-Portugal e a sua contraparte portuguesa come\u00e7aram a trabalhar h\u00e1 cerca de um ano para promover os investimentos, organizando miss\u00f5es empresariais e sess\u00f5es de esclarecimento sobre neg\u00f3cios nos dois pa\u00edses.<\/p>\n<p><strong>\u201cCri\u00e1mos esta base e agora j\u00e1 conseguimos ver o resultado\u201d<\/strong>, comentou Alwalid Albaltan, exemplificando com a recente intensifica\u00e7\u00e3o das visitas de alto n\u00edvel das autoridades portuguesas ao pa\u00eds \u2013 como foi o caso, no m\u00eas passado, do ministro de Estado e dos Neg\u00f3cios Estrangeiros, Paulo Rangel, e, agora, do ministro da Economia.<\/p>\n<p>\u201cIsto mostra que esta base est\u00e1 a construir algo grande para o <strong>futuro.<\/strong> <strong>\u00c9 um trabalho \u00e1rduo e vai levar algum tempo<\/strong>, mas tudo se est\u00e1 a conjugar nesse sentido\u201d, considerou o empres\u00e1rio.<\/p>\n<p>O respons\u00e1vel saudita lembrou que Portugal \u2013 juntamente com Espanha e Marrocos \u2013 organiza o campeonato mundial de futebol em <a href=\"https:\/\/zap.aeiou.pt\/mundial-2030-portugal-retorno-647017\" data-wpel-link=\"internal\" rel=\"nofollow noopener\" target=\"_blank\">2030<\/a> e, quatro anos depois, ser\u00e1 a Ar\u00e1bia Saudita a assumir essa tarefa.<\/p>\n<p><strong>\u201cEste \u00e9 o momento para lan\u00e7ar o turismo\u201d<\/strong>, salientou.<\/p>\n<p>No mesmo sentido, o presidente do Conselho Empresarial Portugal-Ar\u00e1bia Saudita, Ab\u00edlio Alag\u00f4a da Silva, destacou \u00e0 Lusa as oportunidades de neg\u00f3cio para as empresas portuguesas neste pa\u00eds do M\u00e9dio Oriente.<\/p>\n<p>\u201cOs pr\u00f3ximos 10 anos v\u00e3o ser de <strong>grande prosperidade\u201d na Ar\u00e1bia Saudita<\/strong>, defendeu o empres\u00e1rio portugu\u00eas, que apontou a capacidade \u201ctransformadora\u201d da chamada \u2018Vis\u00e3o 2030\u2019, um plano estrat\u00e9gico lan\u00e7ado em 2016 para diversificar a economia do pa\u00eds para al\u00e9m do petr\u00f3leo.<\/p>\n<p>Integram este plano grandes projetos como a Expo 2030; o Qiddiya, um futuro polo de entretenimento e desporto, que incluir\u00e1 o futuro est\u00e1dio e centro de treinos do Al Nassr; o parque King Salman, que dever\u00e1 tornar-se o maior parque urbano do mundo, na capital saudita; a cidade futurista NEOM ou projetos tur\u00edsticos de luxo na costa do Mar Vermelho.<\/p>\n<p><strong>\u201cH\u00e1 uma onda agora e temos de a aproveitar\u201d<\/strong>, sustentou o empres\u00e1rio portugu\u00eas.<\/p>\n<p>Alag\u00f4a da Silva afirmou ainda que os <strong>sauditas t\u00eam \u201cuma grande afinidade\u201d com os portugueses.<\/strong><\/p>\n<p>Portugal conta ainda, neste pa\u00eds, com um <strong>\u201cembaixador\u201d informal<\/strong>: o futebolista <strong>Cristiano Ronaldo,<\/strong> atualmente a jogar na equipa saudita Al Nassr.<\/p>\n<p>\u201cEle fez muito pela aproxima\u00e7\u00e3o dos dois pa\u00edses. N\u00f3s adoramo-lo e<strong> j\u00e1 o vemos como um saudita<\/strong>\u201d, disse o empres\u00e1rio saudita.<\/p>\n<p>    <a href=\"https:\/\/zap.aeiou.pt\/subscrever-newsletter\" data-wpel-link=\"internal\" rel=\"nofollow noopener\" target=\"_blank\">&#13;<br \/>\n        <img loading=\"lazy\" decoding=\"async\" class=\"aligncenter size-full wp-image-575475\" src=\"https:\/\/www.europesays.com\/pt\/wp-content\/uploads\/2025\/11\/2d51fe4a0ba54894421ead1809309ed9-1-450x140.jpg\" alt=\"Subscreva a Newsletter ZAP\" width=\"450\" height=\"140\"\/>&#13;<br \/>\n    <\/a><\/p>\n<p>                <a href=\"https:\/\/whatsapp.com\/channel\/0029VaIC4EE2f3EJZPPSbR34\" data-wpel-link=\"external\" target=\"_blank\" rel=\"nofollow external noopener noreferrer\" class=\"ext-link\">&#13;<br \/>\n                    <img loading=\"lazy\" decoding=\"async\" class=\"aligncenter size-full wp-image-575475\" src=\"https:\/\/www.europesays.com\/pt\/wp-content\/uploads\/2025\/11\/c68c559d956d4ca20f435ed74a6e71e6.png\" alt=\"Siga-nos no WhatsApp\" width=\"175\" height=\"64\"\/>&#13;<br \/>\n                <\/a><\/p>\n<p>                <a href=\"https:\/\/news.google.com\/publications\/CAAiEHRwZondIV71PDjWNoqMduEqFAgKIhB0cGaJ3SFe9Tw41jaKjHbh?hl=en-US&amp;gl=US&amp;ceid=US%3Aen\" data-wpel-link=\"external\" target=\"_blank\" rel=\"nofollow external noopener noreferrer\" class=\"ext-link\">&#13;<br \/>\n                    <img loading=\"lazy\" decoding=\"async\" class=\"aligncenter size-full wp-image-575475\" src=\"https:\/\/www.europesays.com\/pt\/wp-content\/uploads\/2025\/11\/5123dd8b087b644fdb8f8603acd1bad4.png\" alt=\"Siga-nos no Google News\" width=\"176\" height=\"64\"\/>&#13;<br \/>\n                <\/a><\/p>\n","protected":false},"excerpt":{"rendered":"C\u00e2mara Municipal de Oeiras Alwalid Albaltan, Presidente do Conselho Empresarial Saudita-Portugu\u00eas \u201cOs empres\u00e1rios sauditas est\u00e3o muito interessados e&hellip;\n","protected":false},"author":2,"featured_media":164768,"comment_status":"","ping_status":"","sticky":false,"template":"","format":"standard","meta":{"footnotes":""},"categories":[10],"tags":[1145,27,28,1359,476,90,15,16,14,25,26,21,22,12,13,19,20,32,23,24,33,17,18,29,30,31],"class_list":{"0":"post-164767","1":"post","2":"type-post","3":"status-publish","4":"format-standard","5":"has-post-thumbnail","7":"category-portugal","8":"tag-arabia-saudita","9":"tag-breaking-news","10":"tag-breakingnews","11":"tag-dinheiro","12":"tag-economia","13":"tag-empresas","14":"tag-featured-news","15":"tag-featurednews","16":"tag-headlines","17":"tag-latest-news","18":"tag-latestnews","19":"tag-main-news","20":"tag-mainnews","21":"tag-news","22":"tag-noticias","23":"tag-noticias-principais","24":"tag-noticiasprincipais","25":"tag-portugal","26":"tag-principais-noticias","27":"tag-principaisnoticias","28":"tag-pt","29":"tag-top-stories","30":"tag-topstories","31":"tag-ultimas","32":"tag-ultimas-noticias","33":"tag-ultimasnoticias"},"share_on_mastodon":{"url":"https:\/\/pubeurope.com\/@pt\/115610695642127376","error":""},"_links":{"self":[{"href":"https:\/\/www.europesays.com\/pt\/wp-json\/wp\/v2\/posts\/164767","targetHints":{"allow":["GET"]}}],"collection":[{"href":"https:\/\/www.europesays.com\/pt\/wp-json\/wp\/v2\/posts"}],"about":[{"href":"https:\/\/www.europesays.com\/pt\/wp-json\/wp\/v2\/types\/post"}],"author":[{"embeddable":true,"href":"https:\/\/www.europesays.com\/pt\/wp-json\/wp\/v2\/users\/2"}],"replies":[{"embeddable":true,"href":"https:\/\/www.europesays.com\/pt\/wp-json\/wp\/v2\/comments?post=164767"}],"version-history":[{"count":0,"href":"https:\/\/www.europesays.com\/pt\/wp-json\/wp\/v2\/posts\/164767\/revisions"}],"wp:featuredmedia":[{"embeddable":true,"href":"https:\/\/www.europesays.com\/pt\/wp-json\/wp\/v2\/media\/164768"}],"wp:attachment":[{"href":"https:\/\/www.europesays.com\/pt\/wp-json\/wp\/v2\/media?parent=164767"}],"wp:term":[{"taxonomy":"category","embeddable":true,"href":"https:\/\/www.europesays.com\/pt\/wp-json\/wp\/v2\/categories?post=164767"},{"taxonomy":"post_tag","embeddable":true,"href":"https:\/\/www.europesays.com\/pt\/wp-json\/wp\/v2\/tags?post=164767"}],"curies":[{"name":"wp","href":"https:\/\/api.w.org\/{rel}","templated":true}]}}