{"id":164780,"date":"2025-11-25T14:12:30","date_gmt":"2025-11-25T14:12:30","guid":{"rendered":"https:\/\/www.europesays.com\/pt\/164780\/"},"modified":"2025-11-25T14:12:30","modified_gmt":"2025-11-25T14:12:30","slug":"digi-tem-grande-novidade-para-os-seus-novos-clientes-de-internet-fixa","status":"publish","type":"post","link":"https:\/\/www.europesays.com\/pt\/164780\/","title":{"rendered":"DIGI tem grande novidade para os seus novos clientes de internet fixa"},"content":{"rendered":"<p class=\"leading\">\n                A DIGI continua a melhorar as op\u00e7\u00f5es do seu servi\u00e7o fixo.            <\/p>\n<p class=\"article-image \"><img decoding=\"async\" alt=\"digi\" height=\"900\" src=\"https:\/\/www.europesays.com\/pt\/wp-content\/uploads\/2025\/11\/loja-digi-amadora-1234.jpg\" width=\"1600\" fetchpriority=\"high\"\/><\/p>\n<p><a href=\"https:\/\/amzn.to\/4p6PjL1\" rel=\"nofollow noopener\" class=\"banner-deals mb20 banner-deals-rotation\" target=\"_blank\"><\/p>\n<p>        A semana da<br \/>\n        Black Friday<br \/>\n        j\u00e1 come\u00e7ou!<br \/>\n        As ofertas que realmente compensam!<\/p>\n<p>\n        VER OFERTAS<\/p>\n<p><\/a><\/p>\n<p>A DIGI continua a fazer altera\u00e7\u00f5es importantes nos seus servi\u00e7os, numa altura em que j\u00e1 come\u00e7a a ter <a href=\"https:\/\/4gnews.pt\/digi-comeca-finalmente-a-resolver-o-principal-problema-e-deixa-rivais-em-alerta\/\" rel=\"nofollow noopener\" target=\"_blank\">liga\u00e7\u00e3o m\u00f3vel em algumas das esta\u00e7\u00f5es do metro de Lisboa<\/a>. A grande novidade, para quem instala os servi\u00e7os de internet fixa, \u00e9 que a operadora <strong>adicionou mais um router \u00e0 oferta.<\/strong><\/p>\n<p>Uma das novidades partilhar por um utilizador do f\u00f3rum <a href=\"https:\/\/forum.zwame.pt\/threads\/digi-internet-fixa.1084199\/page-283#post-18682882\" rel=\"nofollow noopener\" target=\"_blank\">Zwame<\/a>, \u00e9 que a DIGI come\u00e7ou a instalar fibra com o <strong>router ZTE F6600R<\/strong>. Neste caso com ONT (terminal de rede \u00f3tica) e router integrado, segundo o relato do mesmo utilizador.<\/p>\n<p><img decoding=\"async\" alt=\"Imagem: Zwame\" height=\"1580\" width=\"1853\" class=\"lazyload\" src=\"https:\/\/www.europesays.com\/pt\/wp-content\/uploads\/2025\/11\/novo-router-digi-500-1.jpg\" loading=\"lazy\"\/><br \/>\nImagem: Zwame<br \/>\nRouter de 10 Gbps mant\u00e9m-se inalterado<\/p>\n<p>De real\u00e7ar que este \u00e9 um router que estar\u00e1 a ser instalado em servi\u00e7os contratos para os planos de 500 Mbps ou 1 Gbps. Para quem contrata o servi\u00e7o de 10 Gbps, a DIGI continua a instalar o router ZTE8748 com tecnologia Wi-Fi 7.<\/p>\n<p>O feedback do utilizador \u00e9 positivo, quando comparado com um anterior que possu\u00eda da MEO\/UZO. As antenas exteriores deixam antever que este novo router, embora mais \u201cespa\u00e7oso\u201d, poder\u00e1 ganhar naquilo que mais temos criticado no servi\u00e7o fixo da operadora: alcance do router.<\/p>\n<p>O que esperar de melhor neste novo router<\/p>\n<p>Tendo em conta que sou <a href=\"https:\/\/4gnews.pt\/mudei-para-a-digi-a-experiencia-1-ano-depois\/\" rel=\"nofollow noopener\" target=\"_blank\">cliente desta operadora h\u00e1 um ano<\/a>, conhe\u00e7o bem o servi\u00e7o e a sua fiabilidade. O router ZYXEL EX3301-T0 que a operadora disponibilizou desde in\u00edcio \u00e9 limitado no alcance, sendo que s\u00f3 conseguimos a velocidade contratada na divis\u00e3o do mesmo.<\/p>\n<p>N\u00e3o \u00e9 algo problem\u00e1tico para algu\u00e9m que, como eu, vive um apartamento relativamente pequeno. O router consegue alcan\u00e7ar a velocidade contratada sem problemas, mesmo por Wi-Fi. E \u00e9 bom referir que at\u00e9 fiz downgrade para o plano de 500 Mbps.<\/p>\n<p>O que podemos esperar deste novo router, principalmente por ter antenas externas, \u00e9 mais alcance. Esse tem sido o fator menos positivo destes routers providenciados pela DIGI, e que com este novo router se espera melhorias. Resta-nos aguardar pelo feedback dos clientes.<\/p>\n<p><strong>Promo\u00e7\u00e3o do dia<\/strong><\/p>\n<p><a href=\"https:\/\/amzn.to\/481TSAA\" target=\"_blank\" rel=\"nofollow noreferrer noopener\"><img decoding=\"async\" alt=\"TP-Link Archer BE3600\" height=\"488\" width=\"650\" class=\"lazyload\" src=\"https:\/\/www.europesays.com\/pt\/wp-content\/uploads\/2025\/11\/tp-link-archer-be3600-41sxq7aqhdl-sl500.jpg\" loading=\"lazy\"\/><\/a><\/p>\n<p><a class=\"affiliate-title\" href=\"https:\/\/amzn.to\/481TSAA\" target=\"_blank\" rel=\"nofollow noreferrer noopener\">TP-Link Archer BE3600<\/a>Wi-Fi 7 at\u00e9 3600 Mbps, banda de 6 GHz, portas multi-gig, compat\u00edvel com dispositivos antigos<\/p>\n<p>Oferta por tempo limitado<\/p>\n<p>75,99 \u20acamazon<\/p>\n<p>99,99 \u20ac-24%<\/p>\n<p class=\"inline-related-title\">Editores 4gnews recomendam:<\/p>\n","protected":false},"excerpt":{"rendered":"A DIGI continua a melhorar as op\u00e7\u00f5es do seu servi\u00e7o fixo. A semana da Black Friday j\u00e1 come\u00e7ou!&hellip;\n","protected":false},"author":2,"featured_media":164781,"comment_status":"","ping_status":"","sticky":false,"template":"","format":"standard","meta":{"footnotes":""},"categories":[83],"tags":[88,89,90,32,33],"class_list":{"0":"post-164780","1":"post","2":"type-post","3":"status-publish","4":"format-standard","5":"has-post-thumbnail","7":"category-empresas","8":"tag-business","9":"tag-economy","10":"tag-empresas","11":"tag-portugal","12":"tag-pt"},"share_on_mastodon":{"url":"https:\/\/pubeurope.com\/@pt\/115610749842704307","error":""},"_links":{"self":[{"href":"https:\/\/www.europesays.com\/pt\/wp-json\/wp\/v2\/posts\/164780","targetHints":{"allow":["GET"]}}],"collection":[{"href":"https:\/\/www.europesays.com\/pt\/wp-json\/wp\/v2\/posts"}],"about":[{"href":"https:\/\/www.europesays.com\/pt\/wp-json\/wp\/v2\/types\/post"}],"author":[{"embeddable":true,"href":"https:\/\/www.europesays.com\/pt\/wp-json\/wp\/v2\/users\/2"}],"replies":[{"embeddable":true,"href":"https:\/\/www.europesays.com\/pt\/wp-json\/wp\/v2\/comments?post=164780"}],"version-history":[{"count":0,"href":"https:\/\/www.europesays.com\/pt\/wp-json\/wp\/v2\/posts\/164780\/revisions"}],"wp:featuredmedia":[{"embeddable":true,"href":"https:\/\/www.europesays.com\/pt\/wp-json\/wp\/v2\/media\/164781"}],"wp:attachment":[{"href":"https:\/\/www.europesays.com\/pt\/wp-json\/wp\/v2\/media?parent=164780"}],"wp:term":[{"taxonomy":"category","embeddable":true,"href":"https:\/\/www.europesays.com\/pt\/wp-json\/wp\/v2\/categories?post=164780"},{"taxonomy":"post_tag","embeddable":true,"href":"https:\/\/www.europesays.com\/pt\/wp-json\/wp\/v2\/tags?post=164780"}],"curies":[{"name":"wp","href":"https:\/\/api.w.org\/{rel}","templated":true}]}}