{"id":164786,"date":"2025-11-25T14:17:12","date_gmt":"2025-11-25T14:17:12","guid":{"rendered":"https:\/\/www.europesays.com\/pt\/164786\/"},"modified":"2025-11-25T14:17:12","modified_gmt":"2025-11-25T14:17:12","slug":"tara-reid-e-filmada-enquanto-e-socorrida-na-noite-em-que-afirma-ter-tido-bebida-adulterada","status":"publish","type":"post","link":"https:\/\/www.europesays.com\/pt\/164786\/","title":{"rendered":"Tara Reid \u00e9 filmada enquanto \u00e9 socorrida na noite em que afirma ter tido bebida adulterada"},"content":{"rendered":"\n<p class=\" content-text__container \" data-track-category=\"Link no Texto\" data-track-links=\"\"> Segundo o site americano, a pol\u00edcia local recebeu um chamado para uma &#8220;pessoa doente&#8221;, Tara, que foi levada ao hospital. Ainda segundo a pol\u00edcia, n\u00e3o houve men\u00e7\u00e3o a &#8220;uso de drogas&#8221;, e nenhum boletim de ocorr\u00eancia teria sido registrado sobre o assunto. Segundo a testemunha que gravou o v\u00eddeo, Tara gritava antes da chegada dos param\u00e9dicos: \u201cVoc\u00eas n\u00e3o sabem quem eu sou! Sou famosa, sou atriz!\u201d <\/p>\n","protected":false},"excerpt":{"rendered":"Segundo o site americano, a pol\u00edcia local recebeu um chamado para uma &#8220;pessoa doente&#8221;, Tara, que foi levada&hellip;\n","protected":false},"author":2,"featured_media":164787,"comment_status":"","ping_status":"","sticky":false,"template":"","format":"standard","meta":{"footnotes":""},"categories":[145],"tags":[211,210,114,115,32,33],"class_list":{"0":"post-164786","1":"post","2":"type-post","3":"status-publish","4":"format-standard","5":"has-post-thumbnail","7":"category-celebridades","8":"tag-celebridades","9":"tag-celebrities","10":"tag-entertainment","11":"tag-entretenimento","12":"tag-portugal","13":"tag-pt"},"share_on_mastodon":{"url":"https:\/\/pubeurope.com\/@pt\/115610769427626909","error":""},"_links":{"self":[{"href":"https:\/\/www.europesays.com\/pt\/wp-json\/wp\/v2\/posts\/164786","targetHints":{"allow":["GET"]}}],"collection":[{"href":"https:\/\/www.europesays.com\/pt\/wp-json\/wp\/v2\/posts"}],"about":[{"href":"https:\/\/www.europesays.com\/pt\/wp-json\/wp\/v2\/types\/post"}],"author":[{"embeddable":true,"href":"https:\/\/www.europesays.com\/pt\/wp-json\/wp\/v2\/users\/2"}],"replies":[{"embeddable":true,"href":"https:\/\/www.europesays.com\/pt\/wp-json\/wp\/v2\/comments?post=164786"}],"version-history":[{"count":0,"href":"https:\/\/www.europesays.com\/pt\/wp-json\/wp\/v2\/posts\/164786\/revisions"}],"wp:featuredmedia":[{"embeddable":true,"href":"https:\/\/www.europesays.com\/pt\/wp-json\/wp\/v2\/media\/164787"}],"wp:attachment":[{"href":"https:\/\/www.europesays.com\/pt\/wp-json\/wp\/v2\/media?parent=164786"}],"wp:term":[{"taxonomy":"category","embeddable":true,"href":"https:\/\/www.europesays.com\/pt\/wp-json\/wp\/v2\/categories?post=164786"},{"taxonomy":"post_tag","embeddable":true,"href":"https:\/\/www.europesays.com\/pt\/wp-json\/wp\/v2\/tags?post=164786"}],"curies":[{"name":"wp","href":"https:\/\/api.w.org\/{rel}","templated":true}]}}