{"id":164794,"date":"2025-11-25T14:26:14","date_gmt":"2025-11-25T14:26:14","guid":{"rendered":"https:\/\/www.europesays.com\/pt\/164794\/"},"modified":"2025-11-25T14:26:14","modified_gmt":"2025-11-25T14:26:14","slug":"veja-novas-imagens-incriveis-do-cometa-interestelar-3i-atlas","status":"publish","type":"post","link":"https:\/\/www.europesays.com\/pt\/164794\/","title":{"rendered":"Veja novas imagens incr\u00edveis do cometa interestelar 3I\/ATLAS"},"content":{"rendered":"<p class=\"fitec-embcmp\"><a href=\"https:\/\/profile.google.com\/cp\/CgsvZy8xMjFqY2oxMw\" target=\"_blank\" class=\"ftecmp-button\" rel=\"nofollow noopener\">Siga o Olhar Digital no Google Discover<\/a><\/p>\n<p>Novas imagens do cometa interestelar 3I\/ATLAS, feitas por telesc\u00f3pios na <a href=\"https:\/\/olhardigital.com.br\/2025\/11\/10\/ciencia-e-espaco\/quando-o-cometa-3i-atlas-estara-mais-perto-da-terra-ha-risco\/\" target=\"_blank\" rel=\"noreferrer noopener nofollow\">Terra<\/a>, surpreendem ao mostrar detalhes muito mais n\u00edtidos e esteticamente impressionantes do que os registros divulgados pela <a href=\"https:\/\/olhardigital.com.br\/2025\/11\/24\/ciencia-e-espaco\/missao-de-resgate-historica-esta-programada-para-salvar-telescopio-espacial-da-nasa\/\" target=\"_blank\" rel=\"noreferrer noopener nofollow\">NASA<\/a> em uma coletiva de imprensa transmitida ao vivo na \u00faltima semana.\u00a0<\/p>\n<p>Enquanto as fotos espaciais exibem apenas um ponto borrado, as captadas no solo revelam a coma mais clara e expandida, al\u00e9m de uma cauda bem pronunciada. Essas diferen\u00e7as chamam aten\u00e7\u00e3o e geram d\u00favidas, mas t\u00eam explica\u00e7\u00f5es t\u00e9cnicas simples.<\/p>\n<p><img loading=\"lazy\" decoding=\"async\" width=\"1024\" height=\"745\" src=\"https:\/\/www.europesays.com\/pt\/wp-content\/uploads\/2025\/11\/3IATLAS-Efrain-Morales-1024x745.jpg\" alt=\"\" class=\"wp-image-1222102\"  \/>Vista aproximada do cometa 3I\/ATLAS em 17 de novembro, a partir de Aguadilla, Porto Rico, mostra nitidamente a cauda espalhada para v\u00e1rias dire\u00e7\u00f5es. Cr\u00e9dito: Efrain Morales via Spaceweather.com<strong>Por que as imagens da NASA s\u00e3o \u201cmodestas\u201d<\/strong><\/p>\n<p>Diferentemente do que muitos podem pensar, <a href=\"https:\/\/olhardigital.com.br\/2025\/11\/19\/ciencia-e-espaco\/nasa-apresenta-imagens-ineditas-do-cometa-3i-atlas\/\" target=\"_blank\" rel=\"noreferrer noopener nofollow\">as imagens divulgadas pela NASA<\/a> ficaram discretas n\u00e3o por falta de transpar\u00eancia da ag\u00eancia sobre o 3I\/ATLAS, mas porque foram feitas com instrumentos que n\u00e3o possuem sensibilidade para registrar um cometa t\u00e3o distante e pouco brilhante.\u00a0<\/p>\n<p>Conforme explica o astr\u00f4nomo <a href=\"https:\/\/olhardigital.com.br\/author\/marcelo-zurita\/\" target=\"_blank\" rel=\"noreferrer noopener nofollow\">Marcelo Zurita<\/a>, presidente da Associa\u00e7\u00e3o Paraibana de Astronomia (APA), membro da Sociedade Astron\u00f4mica Brasileira (SAB), diretor t\u00e9cnico da Rede Brasileira de Observa\u00e7\u00e3o de Meteoros (Bramon) e colunista do <strong>Olhar Digital<\/strong>, o 3I\/ATLAS n\u00e3o se aproxima muito do Sol, o que reduz a quantidade de g\u00e1s e poeira liberada. Sem esse material iluminado, o cometa fica visualmente menos desenvolvido.\u00a0<\/p>\n<blockquote class=\"instagram-media\" data-instgrm-captioned=\"\" data-instgrm-permalink=\"https:\/\/www.instagram.com\/reel\/DRSyhfVj94V\/?utm_source=ig_embed&amp;utm_campaign=loading\" data-instgrm-version=\"14\" style=\" background:#FFF; border:0; border-radius:3px; box-shadow:0 0 1px 0 rgba(0,0,0,0.5),0 1px 10px 0 rgba(0,0,0,0.15); margin: 1px; max-width:540px; min-width:326px; padding:0; width:99.375%; width:-webkit-calc(100% - 2px); width:calc(100% - 2px);\"\/>\n<p>Al\u00e9m disso, tamb\u00e9m conta o fator dist\u00e2ncia. \u201cMesmo a partir de Marte, de onde ele passou a apenas 30 milh\u00f5es de km, o 3I\/ATLAS aparece t\u00e3o pequeno no c\u00e9u que seu n\u00facleo poderia ser visto atrav\u00e9s da fenda de uma agulha\u201d, compara Zurita. \u201cA\u00ed, os instrumentos do Perseverance e da Mars Reconnaissanse Orbiter (MRO), projetados para registrar a superf\u00edcie do Planeta Vermelho, quando olham para esse astro distante, s\u00f3 enxergam mesmo um pontinho esfuma\u00e7ado\u201d.\u00a0<\/p>\n<p><img loading=\"lazy\" decoding=\"async\" width=\"1024\" height=\"406\" src=\"https:\/\/www.europesays.com\/pt\/wp-content\/uploads\/2025\/11\/3IATLAS-comparao-1024x406.jpg\" alt=\"\" class=\"wp-image-1222104\"  \/>\u00c0 esquerda, uma imagem do cometa 3I\/ATLAS obtida por um telesc\u00f3pio terrestre em 19 de novembro a partir de Horni Rasnice, na Rep\u00fablica Tcheca. \u00c0 direita, uma captura feita pela sonda MRO, da NASA, que orbita Marte. Cr\u00e9itos: Martin Gembec via Spaceweather.com \/ NASA<\/p>\n<p>As espa\u00e7onaves envolvidas nessa observa\u00e7\u00e3o tamb\u00e9m n\u00e3o foram projetadas para esse tipo de tarefa. As c\u00e2meras do rover <a href=\"https:\/\/olhardigital.com.br\/2025\/10\/06\/ciencia-e-espaco\/visitante-interestelar-e-fotografado-por-rover-da-nasa-sobrevoando-marte\/\" target=\"_blank\" rel=\"noreferrer noopener nofollow\">Perseverance <\/a>e da sonda MRO t\u00eam sensores pensados para registrar a superf\u00edcie marciana, com foco em rochas, encostas e detalhes a poucos metros ou quil\u00f4metros de dist\u00e2ncia e sempre bem iluminados pelo Sol. Quando apontadas para um cometa extremamente distante e de brilho t\u00eanue, elas simplesmente n\u00e3o conseguem detectar as estruturas delicadas da coma e da cauda, produzindo um ponto difuso sem contraste.<\/p>\n<p><strong>Leia mais:<\/strong><\/p>\n<p>Como o 3I\/ATLAS est\u00e1 a cerca de 200 milh\u00f5es de km do Sol, sua atividade j\u00e1 \u00e9 naturalmente baixa, o que dificulta qualquer registro feito por c\u00e2meras n\u00e3o especializadas. \u201cUma fotografia de cometa exige instrumentos muito sens\u00edveis e grandes aumentos, o que normalmente s\u00f3 \u00e9 oferecido por grandes telesc\u00f3pios\u201d, explica Zurita. \u201cAl\u00e9m disso, para exibir detalhes da cauda com maior defini\u00e7\u00e3o e qualidade das cores, as imagens devem ser coletadas com alguns minutos de exposi\u00e7\u00e3o\u201d. Segundo o especialista, isso exige que o equipamento seja programado para acompanhar o movimento aparente do cometa no c\u00e9u, \u201calgo que n\u00e3o \u00e9 nada simples de se fazer remotamente em instrumentos n\u00e3o desenvolvidos para essa finalidade\u201d.<\/p>\n<p><img loading=\"lazy\" decoding=\"async\" width=\"1024\" height=\"749\" src=\"https:\/\/www.europesays.com\/pt\/wp-content\/uploads\/2025\/11\/3IATLAS-Georg-Klingersberger-1024x749.jpg\" alt=\"\" class=\"wp-image-1222108\"  \/>O comet 3I\/ATLAS fotografado em 19 de novembro de 2025 em Kobernau\u00dfen, na \u00c1ustria. Cr\u00e9dito: Georg Klingersberger via Spaceweather.com<\/p>\n<p>Os telesc\u00f3pios terrestres, por outro lado, s\u00e3o verdadeiras m\u00e1quinas de observa\u00e7\u00e3o de objetos fracos. Eles utilizam espelhos enormes, sensores altamente sens\u00edveis e tecnologias como guiagem autom\u00e1tica e at\u00e9 mesmo \u00f3ptica adaptativa, que corrige a turbul\u00eancia da atmosfera. Tamb\u00e9m permitem longas exposi\u00e7\u00f5es e o uso de filtros espec\u00edficos para destacar gases e poeira refletindo a luz solar. Por isso, conseguem produzir imagens muito mais bonitas e detalhadas do visitante interestelar.<\/p>\n<p>Apesar de menos impressionantes, as fotos da NASA s\u00e3o extremamente \u00fateis. Junto com as imagens captadas da Terra, elas ajudam os cientistas a determinarem sua trajet\u00f3ria com maior precis\u00e3o e a entender como o cometa reage ao vento solar, como sua atividade evolui e qual \u00e9 a composi\u00e7\u00e3o das part\u00edculas que ejetou. Como o 3I\/ATLAS \u00e9 apenas o terceiro objeto interestelar j\u00e1 identificado, cada registro \u2013 n\u00edtido ou n\u00e3o \u2013 \u00e9 valioso para compreender corpos vindos de outros sistemas estelares.<\/p>\n<p>\t\t\t\t\t&#13;<br \/>\n\t\t\t\t\t&#13;<\/p>\n<p>\t\t\t\t<script async src=\"\/\/www.instagram.com\/embed.js\"><\/script><\/p>\n","protected":false},"excerpt":{"rendered":"Siga o Olhar Digital no Google Discover Novas imagens do cometa interestelar 3I\/ATLAS, feitas por telesc\u00f3pios na Terra,&hellip;\n","protected":false},"author":2,"featured_media":164795,"comment_status":"","ping_status":"","sticky":false,"template":"","format":"standard","meta":{"footnotes":""},"categories":[84],"tags":[109,107,108,32,33,105,103,104,106,110],"class_list":{"0":"post-164794","1":"post","2":"type-post","3":"status-publish","4":"format-standard","5":"has-post-thumbnail","7":"category-ciencia-e-tecnologia","8":"tag-ciencia","9":"tag-ciencia-e-tecnologia","10":"tag-cienciaetecnologia","11":"tag-portugal","12":"tag-pt","13":"tag-science","14":"tag-science-and-technology","15":"tag-scienceandtechnology","16":"tag-technology","17":"tag-tecnologia"},"share_on_mastodon":{"url":"https:\/\/pubeurope.com\/@pt\/115610805124986979","error":""},"_links":{"self":[{"href":"https:\/\/www.europesays.com\/pt\/wp-json\/wp\/v2\/posts\/164794","targetHints":{"allow":["GET"]}}],"collection":[{"href":"https:\/\/www.europesays.com\/pt\/wp-json\/wp\/v2\/posts"}],"about":[{"href":"https:\/\/www.europesays.com\/pt\/wp-json\/wp\/v2\/types\/post"}],"author":[{"embeddable":true,"href":"https:\/\/www.europesays.com\/pt\/wp-json\/wp\/v2\/users\/2"}],"replies":[{"embeddable":true,"href":"https:\/\/www.europesays.com\/pt\/wp-json\/wp\/v2\/comments?post=164794"}],"version-history":[{"count":0,"href":"https:\/\/www.europesays.com\/pt\/wp-json\/wp\/v2\/posts\/164794\/revisions"}],"wp:featuredmedia":[{"embeddable":true,"href":"https:\/\/www.europesays.com\/pt\/wp-json\/wp\/v2\/media\/164795"}],"wp:attachment":[{"href":"https:\/\/www.europesays.com\/pt\/wp-json\/wp\/v2\/media?parent=164794"}],"wp:term":[{"taxonomy":"category","embeddable":true,"href":"https:\/\/www.europesays.com\/pt\/wp-json\/wp\/v2\/categories?post=164794"},{"taxonomy":"post_tag","embeddable":true,"href":"https:\/\/www.europesays.com\/pt\/wp-json\/wp\/v2\/tags?post=164794"}],"curies":[{"name":"wp","href":"https:\/\/api.w.org\/{rel}","templated":true}]}}