{"id":164828,"date":"2025-11-25T15:03:05","date_gmt":"2025-11-25T15:03:05","guid":{"rendered":"https:\/\/www.europesays.com\/pt\/164828\/"},"modified":"2025-11-25T15:03:05","modified_gmt":"2025-11-25T15:03:05","slug":"wagner-moura-bota-kelly-clarkson-para-sambar-em-talk-show","status":"publish","type":"post","link":"https:\/\/www.europesays.com\/pt\/164828\/","title":{"rendered":"Wagner Moura bota Kelly Clarkson para sambar em talk show"},"content":{"rendered":"<p><img decoding=\"async\" fetchpriority=\"high\" src=\"https:\/\/www.europesays.com\/pt\/wp-content\/uploads\/2025\/11\/4z8p3rrj10h1in9ynqzuoqj74.jpg\" width=\"906\" height=\"509\" alt=\"Wagner Moura e Kelly Clarkson\" title=\"Wagner Moura e Kelly Clarkson\"\/>Reprodu\u00e7\u00e3o\/The Kelly Clarkson Show<\/p>\n<p>Wagner Moura e Kelly Clarkson<\/p>\n<p><a href=\"https:\/\/gente.ig.com.br\/palcos-e-telas\/2025-11-06\/estreias-da-semana-no-cinema--06-11-a-12-11.html\" data-mce-href=\"https:\/\/gente.ig.com.br\/palcos-e-telas\/2025-11-06\/estreias-da-semana-no-cinema--06-11-a-12-11.html\" data-mce- rel=\"nofollow noopener\" target=\"_blank\">Wagner Moura <\/a>sambou com Kelly Clarkson durante sua participa\u00e7\u00e3o no programa The Kelly Clarkson Show, exibido nesta segunda-feira (24), nos Estados Unidos. O protagonista de <strong>O Agente Secreto<\/strong> fez quest\u00e3o de frisar que ama o g\u00eanero e convidou a apresentadora para arriscar alguns passinhos. Ela aceitou o convite e brincou com o desempenho do brasileiro: &#8220;Eu n\u00e3o sou t\u00e3o sexy assim&#8221;.<\/p>\n<p>No programa, Wagner tamb\u00e9m revelou que integra uma banda criada na adolesc\u00eancia<\/p>\n<p>&#8220;Toco nessa banda h\u00e1 34 anos. Criamos quando t\u00ednhamos 15 anos, certo? E o nome da banda \u00e9 &#8216;Sua M\u00e3e'&#8221;, disse. Ao falar sobre seu gosto musical, ele citou The Cure e The Smiths, al\u00e9m de m\u00fasicas populares do Brasil. Tamb\u00e9m mencionou Roberto Carlos: &#8220;\u00c9 uma figura importante na Am\u00e9rica do Sul e um grande artista&#8221;.<\/p>\n<p>Agente Secreto<\/p>\n<p><strong>Wagner<\/strong> esteve no programa para divulgar o longa Agente Secreto e comentou sobre o contexto do filme. &#8220;Se passa durante a ditadura no Brasil, que foi de 1964 a 1985. O filme se passa em 1977, e eu interpreto um homem que est\u00e1 tentando se manter fiel aos seus valores quando tudo ao seu redor diz o contr\u00e1rio. Ele tem um filho, e a hist\u00f3ria toda gira em torno de tentar proteger essa crian\u00e7a&#8221;, explicou.<\/p>\n<p>A estreia da produ\u00e7\u00e3o acontecer\u00e1 na pr\u00f3xima semana nos cinemas dos EUA e tem atra\u00eddo a aten\u00e7\u00e3o da cr\u00edtica internacional. Especialistas argumentam que o longa \u00e9 uma das produ\u00e7\u00f5es com potencial para se destacar nas premia\u00e7\u00f5es de 2026, e Wagner Moura \u00e9 citado como uma das apostas do ano.<\/p>\n<p>Leia mais<\/p>\n","protected":false},"excerpt":{"rendered":"Reprodu\u00e7\u00e3o\/The Kelly Clarkson Show Wagner Moura e Kelly Clarkson Wagner Moura sambou com Kelly Clarkson durante sua participa\u00e7\u00e3o&hellip;\n","protected":false},"author":2,"featured_media":164829,"comment_status":"","ping_status":"","sticky":false,"template":"","format":"standard","meta":{"footnotes":""},"categories":[145],"tags":[211,210,114,115,34932,32,33],"class_list":{"0":"post-164828","1":"post","2":"type-post","3":"status-publish","4":"format-standard","5":"has-post-thumbnail","7":"category-celebridades","8":"tag-celebridades","9":"tag-celebrities","10":"tag-entertainment","11":"tag-entretenimento","12":"tag-hitou","13":"tag-portugal","14":"tag-pt"},"share_on_mastodon":{"url":"https:\/\/pubeurope.com\/@pt\/115610950441920715","error":""},"_links":{"self":[{"href":"https:\/\/www.europesays.com\/pt\/wp-json\/wp\/v2\/posts\/164828","targetHints":{"allow":["GET"]}}],"collection":[{"href":"https:\/\/www.europesays.com\/pt\/wp-json\/wp\/v2\/posts"}],"about":[{"href":"https:\/\/www.europesays.com\/pt\/wp-json\/wp\/v2\/types\/post"}],"author":[{"embeddable":true,"href":"https:\/\/www.europesays.com\/pt\/wp-json\/wp\/v2\/users\/2"}],"replies":[{"embeddable":true,"href":"https:\/\/www.europesays.com\/pt\/wp-json\/wp\/v2\/comments?post=164828"}],"version-history":[{"count":0,"href":"https:\/\/www.europesays.com\/pt\/wp-json\/wp\/v2\/posts\/164828\/revisions"}],"wp:featuredmedia":[{"embeddable":true,"href":"https:\/\/www.europesays.com\/pt\/wp-json\/wp\/v2\/media\/164829"}],"wp:attachment":[{"href":"https:\/\/www.europesays.com\/pt\/wp-json\/wp\/v2\/media?parent=164828"}],"wp:term":[{"taxonomy":"category","embeddable":true,"href":"https:\/\/www.europesays.com\/pt\/wp-json\/wp\/v2\/categories?post=164828"},{"taxonomy":"post_tag","embeddable":true,"href":"https:\/\/www.europesays.com\/pt\/wp-json\/wp\/v2\/tags?post=164828"}],"curies":[{"name":"wp","href":"https:\/\/api.w.org\/{rel}","templated":true}]}}