{"id":164842,"date":"2025-11-25T15:19:16","date_gmt":"2025-11-25T15:19:16","guid":{"rendered":"https:\/\/www.europesays.com\/pt\/164842\/"},"modified":"2025-11-25T15:19:16","modified_gmt":"2025-11-25T15:19:16","slug":"monica-carvalho-leva-premio-de-melhor-atriz-em-festival-de-cinema-em-monaco","status":"publish","type":"post","link":"https:\/\/www.europesays.com\/pt\/164842\/","title":{"rendered":"M\u00f4nica Carvalho leva pr\u00eamio de &#8216;Melhor Atriz&#8217; em festival de cinema em M\u00f4naco"},"content":{"rendered":"<p><\/p>\n<p>&#13;<br \/>\n\tM\u00f4nica Carvalho, 54 anos, foi eleita Melhor Atriz no Angel Film Awards 2025, em M\u00f4naco, pelo filme Estranhos na Noite. Al\u00e9m de atuar, ela assinou o roteiro e coproduziu uma das hist\u00f3rias do longa dirigido por Walther Neto.&#13;\n<\/p>\n<p>&#13;<br \/>\n\tNo filme, M\u00f4nica vive uma mulher tentando recome\u00e7ar a vida durante uma noite marcada por dilemas pessoais em S\u00e3o Paulo. A atriz comemorou o reconhecimento internacional e agradeceu \u00e0 equipe e \u00e0 produ\u00e7\u00e3o pelo apoio ao projeto.&#13;\n<\/p>\n<p>&#13;<br \/>\n\tConhecida por novelas como Hist\u00f3ria de Amor e Fina Estampa, M\u00f4nica agora se dedica \u00e0 Yva Filmes, focada em narrativas com protagonismo feminino. Ela tamb\u00e9m trabalha no lan\u00e7amento do drama Deixa-me Viver, filmado entre S\u00e3o Paulo e Trancoso.&#13;\n<\/p>\n<p>\t\t\t\t\t\t\t\t\t\t\t\t\t\t\t\t\t\t\t\t\t\t<a href=\"https:\/\/www.portaldoholanda.com.br\/sites\/default\/files\/imagecache\/portal2014_fotonoticiagrande\/\" data-caption=\"\" rel=\"nofollow noopener\" target=\"_blank\"><br \/>\n\t\t\t\t\t\t\t\t\t<img decoding=\"async\" src=\"https:\/\/www.portaldoholanda.com.br\/sites\/default\/files\/imagecache\/2018_destaques_80_66\/\"\/><br \/>\n\t\t\t\t\t\t\t\t<\/a><\/p>\n<p>\t\t\t\t\t\t\t\t<img decoding=\"async\" src=\"https:\/\/www.europesays.com\/pt\/wp-content\/uploads\/2025\/08\/loogo.jpg\" alt=\"  \" class=\" fotoo mt-1 \"\/><\/p>\n<p>\t\t\t\t\t\t\t\tO Portal do Holanda foi fundado em 14 de novembro de 2005. Primeiramente com uma coluna, que<br \/>\n\t\t\t\t\t\t\t\tlevou o<br \/>\n\t\t\t\t\t\t\t\tnome de seu fundador, o jornalista Raimundo de Holanda. Depois passou para Blog do Holanda e<br \/>\n\t\t\t\t\t\t\t\tpor<br \/>\n\t\t\t\t\t\t\t\t\u00faltimo Portal do Holanda. Foi um dos primeiros s\u00edtios de internet no Estado do Amazonas. \u00c9<br \/>\n\t\t\t\t\t\t\t\tauditado<br \/>\n\t\t\t\t\t\t\t\tpelo IVC e ComScore.<\/p>\n","protected":false},"excerpt":{"rendered":"&#13; M\u00f4nica Carvalho, 54 anos, foi eleita Melhor Atriz no Angel Film Awards 2025, em M\u00f4naco, pelo filme&hellip;\n","protected":false},"author":2,"featured_media":164843,"comment_status":"","ping_status":"","sticky":false,"template":"","format":"standard","meta":{"footnotes":""},"categories":[145],"tags":[211,210,114,115,32,33],"class_list":{"0":"post-164842","1":"post","2":"type-post","3":"status-publish","4":"format-standard","5":"has-post-thumbnail","7":"category-celebridades","8":"tag-celebridades","9":"tag-celebrities","10":"tag-entertainment","11":"tag-entretenimento","12":"tag-portugal","13":"tag-pt"},"share_on_mastodon":{"url":"https:\/\/pubeurope.com\/@pt\/115611013445188854","error":""},"_links":{"self":[{"href":"https:\/\/www.europesays.com\/pt\/wp-json\/wp\/v2\/posts\/164842","targetHints":{"allow":["GET"]}}],"collection":[{"href":"https:\/\/www.europesays.com\/pt\/wp-json\/wp\/v2\/posts"}],"about":[{"href":"https:\/\/www.europesays.com\/pt\/wp-json\/wp\/v2\/types\/post"}],"author":[{"embeddable":true,"href":"https:\/\/www.europesays.com\/pt\/wp-json\/wp\/v2\/users\/2"}],"replies":[{"embeddable":true,"href":"https:\/\/www.europesays.com\/pt\/wp-json\/wp\/v2\/comments?post=164842"}],"version-history":[{"count":0,"href":"https:\/\/www.europesays.com\/pt\/wp-json\/wp\/v2\/posts\/164842\/revisions"}],"wp:featuredmedia":[{"embeddable":true,"href":"https:\/\/www.europesays.com\/pt\/wp-json\/wp\/v2\/media\/164843"}],"wp:attachment":[{"href":"https:\/\/www.europesays.com\/pt\/wp-json\/wp\/v2\/media?parent=164842"}],"wp:term":[{"taxonomy":"category","embeddable":true,"href":"https:\/\/www.europesays.com\/pt\/wp-json\/wp\/v2\/categories?post=164842"},{"taxonomy":"post_tag","embeddable":true,"href":"https:\/\/www.europesays.com\/pt\/wp-json\/wp\/v2\/tags?post=164842"}],"curies":[{"name":"wp","href":"https:\/\/api.w.org\/{rel}","templated":true}]}}