{"id":164853,"date":"2025-11-25T15:35:10","date_gmt":"2025-11-25T15:35:10","guid":{"rendered":"https:\/\/www.europesays.com\/pt\/164853\/"},"modified":"2025-11-25T15:35:10","modified_gmt":"2025-11-25T15:35:10","slug":"13-anos-depois-mae-diz-ter-encontrado-corpo-do-filho-em-exibicao-nos-eua","status":"publish","type":"post","link":"https:\/\/www.europesays.com\/pt\/164853\/","title":{"rendered":"13 anos depois. M\u00e3e diz ter encontrado corpo do filho em exibi\u00e7\u00e3o nos EUA"},"content":{"rendered":"<p>Mais de uma d\u00e9cada depois da morte do filho, Kim Erick pensa ter encontrado o corpo de Chris numa exposi\u00e7\u00e3o em Las Vegas chamada Real Bodies (Corpos Reais, na tradu\u00e7\u00e3o livre), que exp\u00f5e cad\u00e1veres verdadeiros numa tentativa de educar as pessoas sobre o funcionamento do corpo humano.<\/p>\n<p>&#8220;Eu soube logo. Foi t\u00e3o doloroso olhar para ele. N\u00e3o tenho palavras para descrever como isto me abalou a mim e \u00e0 minha fam\u00edlia&#8221;, contou a mulher de 54 anos, do Texas, nos Estados Unidos, ao The Sun. &#8220;Estava a olhar para fotos do corpo esfolado e mutilado do meu filho. \u00c9 de partir o cora\u00e7\u00e3o&#8221;.<\/p>\n<p>Kim garantiu que assim que olhou para o corpo nas fotografias percebeu, de imediato, que era Chris, o seu filho, alegando que\u00a0&#8220;enquanto m\u00e3e, reconhece tudo nele&#8221;. Os dois, afirmou, partilhavam &#8220;uma liga\u00e7\u00e3o muito pr\u00f3xima&#8221;, at\u00e9 Kim se ter separado do ent\u00e3o parceiro e pai de Chris.<\/p>\n<p>Causa da morte de Chris muda tr\u00eas vezes em dois anos<\/p>\n<p>Foi j\u00e1 depois dessa separa\u00e7\u00e3o que recebeu a not\u00edcia: o filho tinha sido encontrado morto na casa da av\u00f3. Chris morreu com 23 anos, em 2012.<\/p>\n<p>Inicialmente, a pol\u00edcia disse-lhe que o seu filho tinha morrido devido a dois ataques card\u00edacos (fruto de uma defici\u00eancia no seu cora\u00e7\u00e3o) que teve durante o sono. Mas Kim, movida pelo instinto maternal, decidiu pedir \u00e0s autoridades as fotos tiradas ao corpo quando a pol\u00edcia chegou ao local.<\/p>\n<p>Semanas depois, foram-lhe enviadas seis fotografias onde o seu filho aparecia coberto de n\u00f3doas negras e pequenos cortes.<\/p>\n<p>&#8220;As fotos eram muito perturbadoras. [Havia uma cadeira com correias que correspondiam] \u00e0s marcas nos bra\u00e7os, peito e abd\u00f3men do Chris&#8221;, afirma a m\u00e3e do jovem.<\/p>\n<p>Kim diz que a t\u00eampora direita do cr\u00e2nio de Chris tinha sido atingida e que as fotos mostravam sal de cianeto (composto qu\u00edmico extremamente t\u00f3xico) seco nos seus l\u00e1bios.<\/p>\n<p>Perante as novas evid\u00eancias, Kim apelou aos detetives que reabrissem o processo de Chris, levando a que o m\u00e9dico legista testasse um frasco ainda guardado com o sangue do seu filho. Outros testes ao corpo seriam imposs\u00edveis dados que Chris foi cremado.<\/p>\n<p>Os resultados mostraram que o jovem tinha uma quantidade letal de cianeto no seu organismo, negando, por isso, a teoria inicial de que teria sido um ataque card\u00edaco a matar Chris.<\/p>\n<p>As autoridades acabaram, ent\u00e3o, por alterar a causa da morte para intoxica\u00e7\u00e3o por cianeto, um m\u00eas depois de o filho de Kim ser encontrado. Perante as inconsist\u00eancias, a m\u00e3e acredita que Chris foi assassinado &#8211; embora n\u00e3o suspeite quem possa ter cometido o crime.<\/p>\n<p>Em 2014, Kim conseguiu levar o caso a tribunal, mas o juiz considerou que n\u00e3o havia ind\u00edcios suficientes para considerar o caso um homic\u00eddio. Em vez disso, as autoridades acabaram por determinar que se tinha tratado de suic\u00eddio.\u00a0<\/p>\n<p>A causa da morte de Chris, em apenas dois anos, mudou assim tr\u00eas vezes: de ataque card\u00edaco, para intoxica\u00e7\u00e3o e, por fim, para suic\u00eddio.<\/p>\n<p>Mesmo assim, Kim continuou com as suas d\u00favidas e, por isso, decidiu come\u00e7ar a investigar o caso por si mesma.<\/p>\n<p>Kim garante que o seu filho \u00e9 o corpo conhecido como O Pensador<\/p>\n<p>Depois, em 2018 deparou-se com a Real Bodies, onde cad\u00e1veres s\u00e3o submetidos a um processo chamado plastina\u00e7\u00e3o que substitui \u00e1gua e gorduras por um pl\u00e1stico polim\u00e9rico, de forma a preservar o corpo.<\/p>\n<p>Um deles, conhecido como The Thinker (O Pensador, em portugu\u00eas) \u00e9 Chris, garante Kim.<\/p>\n<p>&#8220;Tomei muitas medidas antes de perceber que Chris poderia ser um dos corpos&#8221;, contou Kim. &#8220;Comecei por procurar online pela fratura profunda no cr\u00e2nio que vi na t\u00eampora direita da cabe\u00e7a de Chris quando ele morreu&#8221;, explicou, acrescentando que viu essa mesma fratura no corpo em exibi\u00e7\u00e3o.<\/p>\n<p>Outro aspeto que chamou a aten\u00e7\u00e3o de Kim foi o corte na pele do ombro do cad\u00e1ver, exatamente onde Chris tinha uma tatuagem, que facilmente o identificaria.<\/p>\n<p>J\u00e1 a exibi\u00e7\u00e3o garante que as alega\u00e7\u00f5es de Kim n\u00e3o t\u00eam qualquer fundamento factual, acrescentando que todos os corpos expostos foram trazidos da China, pelo que n\u00e3o h\u00e1 qualquer registo sobre quem seriam aquelas pessoas. Para al\u00e9m disso, frisa ainda a Real Bodies, O Pensador est\u00e1 em exposi\u00e7\u00e3o h\u00e1 mais de 20 anos &#8211; o que n\u00e3o \u00e9 compat\u00edvel com o espa\u00e7o temporal da morte de Chris.<\/p>\n<p>Apesar da resposta, Kim continua convencida de que aquele corpo pertence ao seu filho.<\/p>\n<p>Leia Tamb\u00e9m: <a href=\"https:\/\/www.noticiasaominuto.com\/mundo\/2893962\/eua-comentadora-acusa-casal-macron-de-contratar-assassino-para-a-matar\" target=\"_blank\" rel=\"noopener noreferrer nofollow\">EUA. Comentadora acusa casal Macron de contratar &#8220;assassino&#8221; para a matar<\/a><\/p>\n","protected":false},"excerpt":{"rendered":"Mais de uma d\u00e9cada depois da morte do filho, Kim Erick pensa ter encontrado o corpo de Chris&hellip;\n","protected":false},"author":2,"featured_media":164854,"comment_status":"","ping_status":"","sticky":false,"template":"","format":"standard","meta":{"footnotes":""},"categories":[50],"tags":[27,28,15,16,14,25,26,21,22,62,12,13,19,20,23,24,17,18,29,30,31,63,64,65],"class_list":{"0":"post-164853","1":"post","2":"type-post","3":"status-publish","4":"format-standard","5":"has-post-thumbnail","7":"category-mundo","8":"tag-breaking-news","9":"tag-breakingnews","10":"tag-featured-news","11":"tag-featurednews","12":"tag-headlines","13":"tag-latest-news","14":"tag-latestnews","15":"tag-main-news","16":"tag-mainnews","17":"tag-mundo","18":"tag-news","19":"tag-noticias","20":"tag-noticias-principais","21":"tag-noticiasprincipais","22":"tag-principais-noticias","23":"tag-principaisnoticias","24":"tag-top-stories","25":"tag-topstories","26":"tag-ultimas","27":"tag-ultimas-noticias","28":"tag-ultimasnoticias","29":"tag-world","30":"tag-world-news","31":"tag-worldnews"},"share_on_mastodon":{"url":"https:\/\/pubeurope.com\/@pt\/115611076118653519","error":""},"_links":{"self":[{"href":"https:\/\/www.europesays.com\/pt\/wp-json\/wp\/v2\/posts\/164853","targetHints":{"allow":["GET"]}}],"collection":[{"href":"https:\/\/www.europesays.com\/pt\/wp-json\/wp\/v2\/posts"}],"about":[{"href":"https:\/\/www.europesays.com\/pt\/wp-json\/wp\/v2\/types\/post"}],"author":[{"embeddable":true,"href":"https:\/\/www.europesays.com\/pt\/wp-json\/wp\/v2\/users\/2"}],"replies":[{"embeddable":true,"href":"https:\/\/www.europesays.com\/pt\/wp-json\/wp\/v2\/comments?post=164853"}],"version-history":[{"count":0,"href":"https:\/\/www.europesays.com\/pt\/wp-json\/wp\/v2\/posts\/164853\/revisions"}],"wp:featuredmedia":[{"embeddable":true,"href":"https:\/\/www.europesays.com\/pt\/wp-json\/wp\/v2\/media\/164854"}],"wp:attachment":[{"href":"https:\/\/www.europesays.com\/pt\/wp-json\/wp\/v2\/media?parent=164853"}],"wp:term":[{"taxonomy":"category","embeddable":true,"href":"https:\/\/www.europesays.com\/pt\/wp-json\/wp\/v2\/categories?post=164853"},{"taxonomy":"post_tag","embeddable":true,"href":"https:\/\/www.europesays.com\/pt\/wp-json\/wp\/v2\/tags?post=164853"}],"curies":[{"name":"wp","href":"https:\/\/api.w.org\/{rel}","templated":true}]}}